{"id":95240,"date":"2018-04-05T17:23:11","date_gmt":"2018-04-05T20:23:11","guid":{"rendered":"http:\/\/diarioregionaljf.com.br\/2018\/04\/05\/pf-deflagra-operacao-para-combater-trafico-internacional-de-drogas-no-pais\/"},"modified":"2018-04-05T17:23:11","modified_gmt":"2018-04-05T20:23:11","slug":"pf-deflagra-operacao-para-combater-trafico-internacional-de-drogas-no-pais","status":"publish","type":"post","link":"https:\/\/diarioregionaldigital.com.br\/?p=95240","title":{"rendered":"PF deflagra opera\u00e7\u00e3o para combater tr\u00e1fico internacional de drogas no pa\u00eds"},"content":{"rendered":"<p>A Pol\u00edcia Federal (PF) deflagrou na manh\u00e3 dessa quinta-feira, 5, a Opera\u00e7\u00e3o Bebel para desarticular esquema internacional de tr\u00e1fico de drogas que utilizava \u201cmulas\u201d \u2013 pessoas aliciadas para transportar bagagens com drogas \u2013 em voos no Aeroporto Internacional de S\u00e3o Paulo, em Guarulhos.<\/p>\n<p>Est\u00e3o sendo cumpridos um mandado de pris\u00e3o tempor\u00e1ria e seis de busca e apreens\u00e3o, em Santa Catarina, e outros tr\u00eas no Rio Grande do Sul. Cerca de 40 policiais participam da a\u00e7\u00e3o.<\/p>\n<p>As investiga\u00e7\u00f5es come\u00e7aram em janeiro de 2017 com a pris\u00e3o de duas passageiras que traziam drogas nas bagagens. Com isso, foram reunidas informa\u00e7\u00f5es e documentos que permitiram localizar e acompanhar os integrantes da organiza\u00e7\u00e3o criminosa. A quadrilha atuava em Florian\u00f3polis, Santa Maria, no Rio Grande do Sul; e no Aeroporto Internacional de Guarulhos em S\u00e3o Paulo.<\/p>\n<p>As \u201cmulas\u201d eram aliciadas pelos criminosos com a promessa de pagamentos em d\u00f3lares para transportar uma mala at\u00e9 determinado pa\u00eds. A bagagem continha, normalmente, coca\u00edna. No retorno da viagem, ap\u00f3s um curto per\u00edodo de perman\u00eancia, outra mala com drogas sint\u00e9ticas seria entregue por traficantes sediados no pa\u00eds estrangeiro.<\/p>\n<p>De acordo com a Pol\u00edcia Federal, o financiador do esquema e possivelmente o chefe da organiza\u00e7\u00e3o criminosa j\u00e1 est\u00e1 preso em Santa Catarina, acusado pelos crimes de tr\u00e1fico internacional de drogas e forma\u00e7\u00e3o de quadrilha. Ele foi apreendido com 60 mil comprimidos de ecstasy.<\/p>\n<p>Fonte: Ag\u00eancia Brasil<\/p>\n","protected":false},"excerpt":{"rendered":"<p>A Pol\u00edcia Federal (PF) deflagrou na manh\u00e3 dessa quinta-feira, 5, a Opera\u00e7\u00e3o Bebel para desarticular esquema internacional de tr\u00e1fico de drogas que utilizava \u201cmulas\u201d \u2013 pessoas aliciadas para transportar bagagens com drogas \u2013 em voos no Aeroporto Internacional de S\u00e3o Paulo, em Guarulhos. Est\u00e3o sendo cumpridos um mandado de pris\u00e3o tempor\u00e1ria e seis de busca [&hellip;]<\/p>\n","protected":false},"author":96,"featured_media":95239,"comment_status":"closed","ping_status":"closed","sticky":false,"template":"","format":"standard","meta":{"footnotes":""},"categories":[302],"tags":[],"class_list":["post-95240","post","type-post","status-publish","format-standard","has-post-thumbnail","hentry","category-brasil-mundo"],"_links":{"self":[{"href":"https:\/\/diarioregionaldigital.com.br\/index.php?rest_route=\/wp\/v2\/posts\/95240","targetHints":{"allow":["GET"]}}],"collection":[{"href":"https:\/\/diarioregionaldigital.com.br\/index.php?rest_route=\/wp\/v2\/posts"}],"about":[{"href":"https:\/\/diarioregionaldigital.com.br\/index.php?rest_route=\/wp\/v2\/types\/post"}],"author":[{"embeddable":true,"href":"https:\/\/diarioregionaldigital.com.br\/index.php?rest_route=\/wp\/v2\/users\/96"}],"replies":[{"embeddable":true,"href":"https:\/\/diarioregionaldigital.com.br\/index.php?rest_route=%2Fwp%2Fv2%2Fcomments&post=95240"}],"version-history":[{"count":0,"href":"https:\/\/diarioregionaldigital.com.br\/index.php?rest_route=\/wp\/v2\/posts\/95240\/revisions"}],"wp:featuredmedia":[{"embeddable":true,"href":"https:\/\/diarioregionaldigital.com.br\/index.php?rest_route=\/wp\/v2\/media\/95239"}],"wp:attachment":[{"href":"https:\/\/diarioregionaldigital.com.br\/index.php?rest_route=%2Fwp%2Fv2%2Fmedia&parent=95240"}],"wp:term":[{"taxonomy":"category","embeddable":true,"href":"https:\/\/diarioregionaldigital.com.br\/index.php?rest_route=%2Fwp%2Fv2%2Fcategories&post=95240"},{"taxonomy":"post_tag","embeddable":true,"href":"https:\/\/diarioregionaldigital.com.br\/index.php?rest_route=%2Fwp%2Fv2%2Ftags&post=95240"}],"curies":[{"name":"wp","href":"https:\/\/api.w.org\/{rel}","templated":true}]}}