{"id":95236,"date":"2018-04-05T17:13:03","date_gmt":"2018-04-05T20:13:03","guid":{"rendered":"http:\/\/diarioregionaljf.com.br\/2018\/04\/05\/servicos-de-saude-sao-dificeis-para-um-terco-da-populacao-das-americas-diz-opas\/"},"modified":"2018-04-05T17:13:03","modified_gmt":"2018-04-05T20:13:03","slug":"servicos-de-saude-sao-dificeis-para-um-terco-da-populacao-das-americas-diz-opas","status":"publish","type":"post","link":"https:\/\/diarioregionaldigital.com.br\/?p=95236","title":{"rendered":"Servi\u00e7os de sa\u00fade s\u00e3o dif\u00edceis para um ter\u00e7o da popula\u00e7\u00e3o das Am\u00e9ricas, diz Opas"},"content":{"rendered":"<p>Uma entre cada tr\u00eas pessoas da regi\u00e3o das Am\u00e9ricas enfrenta barreiras para acessar servi\u00e7os de sa\u00fade, alertou nessa quinta-feira, 5, a Organiza\u00e7\u00e3o Pan-Americana da Sa\u00fade (Opas) em Washington, Estados Unidos. A diretora da Opas, Carissa Etienne, pediu uma a\u00e7\u00e3o coletiva para garantir que todas as pessoas da regi\u00e3o tenham acesso aos servi\u00e7os de sa\u00fade. A informa\u00e7\u00e3o \u00e9 da ONU News.<\/p>\n<p>A declara\u00e7\u00e3o de Clarissa foi feita durante um evento \u00e0s v\u00e9speras do Dia Mundial da Sa\u00fade, celebrado em 7 de abril, e que este ano adotou o slogan \u201cSa\u00fade Universal: para todos, em todos os lugares\u201d. A diretora da Opas lembra que \u201csa\u00fade \u00e9 um direito\u201d e que ter que pagar por cuidados de sa\u00fade \u00e9 a principal barreira para muitas fam\u00edlias, contribuindo tamb\u00e9m para a pobreza.<\/p>\n<p>Ela destacou que \u201cn\u00e3o \u00e9 suficiente ter hospitais e postos de sa\u00fade sem uma combina\u00e7\u00e3o de recursos humanos, infraestrutura, equipamentos, rem\u00e9dios e tecnologias\u201d para diminuir tempos de espera e garantir cuidados de sa\u00fade de qualidade.<\/p>\n<h4>&nbsp;<\/h4>\n<h4>QUALIDADE E DESIGUALDADE<\/h4>\n<p>No ano passado, a Opas criou a Comiss\u00e3o de Alto N\u00edvel sobre Sa\u00fade Universal no S\u00e9culo 21, que est\u00e1 sendo liderada pela ex-presidente do Chile, Michelle Bachelet, que tamb\u00e9m esteve presente ao evento na capital americana. Bachelet destacou que, ao mesmo tempo em que as Am\u00e9ricas t\u00eam centros de sa\u00fade de qualidade, ainda existem na regi\u00e3o muitas mulheres e crian\u00e7as que morrem de causas que poderiam ser evitadas.<\/p>\n<p>A ex-presidente declarou que \u201ca desigualdade \u00e9 o grande inimigo da Am\u00e9rica Latina e do Caribe&#8221;. Segundo ela, a estrat\u00e9gia regional da Opas, junto com os Objetivos de Desenvolvimento Sustent\u00e1vel das Na\u00e7\u00f5es Unidas, fornece o caminho para garantir \u201csa\u00fade para todos\u201d.<\/p>\n<p>Fonte: Ag\u00eancia Brasil<\/p>\n","protected":false},"excerpt":{"rendered":"<p>Uma entre cada tr\u00eas pessoas da regi\u00e3o das Am\u00e9ricas enfrenta barreiras para acessar servi\u00e7os de sa\u00fade, alertou nessa quinta-feira, 5, a Organiza\u00e7\u00e3o Pan-Americana da Sa\u00fade (Opas) em Washington, Estados Unidos. A diretora da Opas, Carissa Etienne, pediu uma a\u00e7\u00e3o coletiva para garantir que todas as pessoas da regi\u00e3o tenham acesso aos servi\u00e7os de sa\u00fade. A [&hellip;]<\/p>\n","protected":false},"author":96,"featured_media":95235,"comment_status":"closed","ping_status":"closed","sticky":false,"template":"","format":"standard","meta":{"footnotes":""},"categories":[302],"tags":[],"class_list":["post-95236","post","type-post","status-publish","format-standard","has-post-thumbnail","hentry","category-brasil-mundo"],"_links":{"self":[{"href":"https:\/\/diarioregionaldigital.com.br\/index.php?rest_route=\/wp\/v2\/posts\/95236","targetHints":{"allow":["GET"]}}],"collection":[{"href":"https:\/\/diarioregionaldigital.com.br\/index.php?rest_route=\/wp\/v2\/posts"}],"about":[{"href":"https:\/\/diarioregionaldigital.com.br\/index.php?rest_route=\/wp\/v2\/types\/post"}],"author":[{"embeddable":true,"href":"https:\/\/diarioregionaldigital.com.br\/index.php?rest_route=\/wp\/v2\/users\/96"}],"replies":[{"embeddable":true,"href":"https:\/\/diarioregionaldigital.com.br\/index.php?rest_route=%2Fwp%2Fv2%2Fcomments&post=95236"}],"version-history":[{"count":0,"href":"https:\/\/diarioregionaldigital.com.br\/index.php?rest_route=\/wp\/v2\/posts\/95236\/revisions"}],"wp:featuredmedia":[{"embeddable":true,"href":"https:\/\/diarioregionaldigital.com.br\/index.php?rest_route=\/wp\/v2\/media\/95235"}],"wp:attachment":[{"href":"https:\/\/diarioregionaldigital.com.br\/index.php?rest_route=%2Fwp%2Fv2%2Fmedia&parent=95236"}],"wp:term":[{"taxonomy":"category","embeddable":true,"href":"https:\/\/diarioregionaldigital.com.br\/index.php?rest_route=%2Fwp%2Fv2%2Fcategories&post=95236"},{"taxonomy":"post_tag","embeddable":true,"href":"https:\/\/diarioregionaldigital.com.br\/index.php?rest_route=%2Fwp%2Fv2%2Ftags&post=95236"}],"curies":[{"name":"wp","href":"https:\/\/api.w.org\/{rel}","templated":true}]}}