{"id":95234,"date":"2018-04-05T14:02:33","date_gmt":"2018-04-05T17:02:33","guid":{"rendered":"http:\/\/diarioregionaljf.com.br\/2018\/04\/05\/equipe-brasileira-participa-do-pan-americano-de-mountain-bike-na-colombia\/"},"modified":"2018-04-05T14:02:33","modified_gmt":"2018-04-05T17:02:33","slug":"equipe-brasileira-participa-do-pan-americano-de-mountain-bike-na-colombia","status":"publish","type":"post","link":"https:\/\/diarioregionaldigital.com.br\/?p=95234","title":{"rendered":"Equipe Brasileira participa do Pan-Americano de mountain bike na Col\u00f4mbia"},"content":{"rendered":"<p>Parte da equipe brasileira desembarcou nesta ter\u00e7a-feira, 03 de abril, na Col\u00f4mbia, para disputar o Campeonato Pan-Americano de Mountain Bike. As disputas acontecem na cidade de Pereira, capital do estado de Risaralda, na pista montada no Hotel Santo Bambu.<\/p>\n<p>A regi\u00e3o montanhosa, reconhecida pela sua vasta planta\u00e7\u00e3o de caf\u00e9, estar\u00e1 recebendo entre os dias 4 e 8 de abril, os principais ciclistas do continente na disputa pelo t\u00edtulo Pan-Americano. O percurso conta com uma extens\u00e3o de 4,1km por volta, que ser\u00e3o enfrentados a 1.411m acima do n\u00edvel do mar.<\/p>\n<p>O grupo brasileiro participa com cinco atletas. Henrique Avancini, Luiz Henrique Cocuzzi e Raiza Goul\u00e3o competem na categoria Elite, enquanto Bruna Elias Saalfeld e Gustavo Xavier representam a nova gera\u00e7\u00e3o do ciclismo brasileiro na categoria Junior. O t\u00e9cnico Carlos Polazzo comanda a equipe na Col\u00f4mbia.<\/p>\n<p>No Pan do ano passado, a sele\u00e7\u00e3o conquistou prata e bronze com Henrique e Cocuzzi. No feminino, Raiza Goul\u00e3o finalizou a prova da Elite na quinta coloca\u00e7\u00e3o. A jovem ga\u00facha Bruna Saalfeld tamb\u00e9m tem experi\u00eancia positiva em campeonatos continentais. Ela conquistou a medalha de prata na categoria juvenil do Pan-Americano 16, em Catamarca, na Argentina.<\/p>\n<p>Campe\u00e3o Pan-Americano em 2015 (Col\u00f4mbia) e embalado pelo terceiro lugar geral na Cape Epic 2018, disputada na \u00faltima semana, Henrique Avancini aposta em um bom resultado e pretende brigar pelas primeiras posi\u00e7\u00f5es.<\/p>\n<p>\u201cEstou retornando de uma competi\u00e7\u00e3o longa e desgastante, que foi a Cape Epic, mas os \u00faltimos treinos foram muito positivos e as impress\u00f5es s\u00e3o boas. Apesar de n\u00e3o conhecer a pista, decidi adotar uma estrat\u00e9gia um pouco diferente, chegando bem pr\u00f3ximo da competi\u00e7\u00e3o e estou bastante animado para lutar pelas primeiras posi\u00e7\u00f5es\u201d, declarou Avancini.<\/p>\n<p>Para Bruna Saalfeld, 18 anos, atual campe\u00e3 brasileira da categoria Junior, a competi\u00e7\u00e3o ser\u00e1 um grande desafio, n\u00e3o apenas pelo alto n\u00edvel t\u00e9cnico das advers\u00e1rias, mas tamb\u00e9m pela competi\u00e7\u00e3o ser disputada em um terrenho bastante montanhoso, com uma altitude desgastante.<\/p>\n<p>&#8220;Ser\u00e1 um grande desafio disputar o t\u00edtulo pan-americano na Col\u00f4mbia, na altitude. \u00c9 sempre um prazer enorme representar a nossa sele\u00e7\u00e3o. Estou bem preparada e vou entrar na disputa muito focada. Agrade\u00e7o a confedera\u00e7\u00e3o pela oportunidade e estaremos fazendo o nosso melhor para colocar o Brasil nas primeiras posi\u00e7\u00f5es&#8221;, declarou Bruna.&nbsp;<\/p>\n<p><strong>Fonte: COB&nbsp;<\/strong><\/p>\n<p>&nbsp;<\/p>\n<p>&nbsp;<\/p>\n<p>&nbsp;<\/p>\n<p>&nbsp;<\/p>\n<p>&nbsp;<\/p>\n","protected":false},"excerpt":{"rendered":"<p>Parte da equipe brasileira desembarcou nesta ter\u00e7a-feira, 03 de abril, na Col\u00f4mbia, para disputar o Campeonato Pan-Americano de Mountain Bike. As disputas acontecem na cidade de Pereira, capital do estado de Risaralda, na pista montada no Hotel Santo Bambu. A regi\u00e3o montanhosa, reconhecida pela sua vasta planta\u00e7\u00e3o de caf\u00e9, estar\u00e1 recebendo entre os dias 4 [&hellip;]<\/p>\n","protected":false},"author":96,"featured_media":95233,"comment_status":"closed","ping_status":"closed","sticky":false,"template":"","format":"standard","meta":{"footnotes":""},"categories":[257],"tags":[],"class_list":["post-95234","post","type-post","status-publish","format-standard","has-post-thumbnail","hentry","category-esporte"],"_links":{"self":[{"href":"https:\/\/diarioregionaldigital.com.br\/index.php?rest_route=\/wp\/v2\/posts\/95234","targetHints":{"allow":["GET"]}}],"collection":[{"href":"https:\/\/diarioregionaldigital.com.br\/index.php?rest_route=\/wp\/v2\/posts"}],"about":[{"href":"https:\/\/diarioregionaldigital.com.br\/index.php?rest_route=\/wp\/v2\/types\/post"}],"author":[{"embeddable":true,"href":"https:\/\/diarioregionaldigital.com.br\/index.php?rest_route=\/wp\/v2\/users\/96"}],"replies":[{"embeddable":true,"href":"https:\/\/diarioregionaldigital.com.br\/index.php?rest_route=%2Fwp%2Fv2%2Fcomments&post=95234"}],"version-history":[{"count":0,"href":"https:\/\/diarioregionaldigital.com.br\/index.php?rest_route=\/wp\/v2\/posts\/95234\/revisions"}],"wp:featuredmedia":[{"embeddable":true,"href":"https:\/\/diarioregionaldigital.com.br\/index.php?rest_route=\/wp\/v2\/media\/95233"}],"wp:attachment":[{"href":"https:\/\/diarioregionaldigital.com.br\/index.php?rest_route=%2Fwp%2Fv2%2Fmedia&parent=95234"}],"wp:term":[{"taxonomy":"category","embeddable":true,"href":"https:\/\/diarioregionaldigital.com.br\/index.php?rest_route=%2Fwp%2Fv2%2Fcategories&post=95234"},{"taxonomy":"post_tag","embeddable":true,"href":"https:\/\/diarioregionaldigital.com.br\/index.php?rest_route=%2Fwp%2Fv2%2Ftags&post=95234"}],"curies":[{"name":"wp","href":"https:\/\/api.w.org\/{rel}","templated":true}]}}