{"id":95232,"date":"2018-04-05T13:59:56","date_gmt":"2018-04-05T16:59:56","guid":{"rendered":"http:\/\/diarioregionaljf.com.br\/2018\/04\/05\/terminou-nesta-quarta-o-primeiro-lote-promocional-para-participar-do-ibitipoca-offroad-de-2018\/"},"modified":"2018-04-05T13:59:56","modified_gmt":"2018-04-05T16:59:56","slug":"terminou-nesta-quarta-o-primeiro-lote-promocional-para-participar-do-ibitipoca-offroad-de-2018","status":"publish","type":"post","link":"https:\/\/diarioregionaldigital.com.br\/?p=95232","title":{"rendered":"Terminou nesta quarta o primeiro lote promocional para participar do Ibitipoca Offroad de 2018"},"content":{"rendered":"<p>Terminou nesta quarta-feira, 4 , o prazo para inscri\u00e7\u00f5es do primeiro lote, com valor promocional, para pilotos e navegadores que disputar\u00e3o, em 4 e 5 de agosto, o 29\u00ba Ibitipoca Off Road, rallye de regularidade mais charmoso do Brasil.<\/p>\n<p>&nbsp;&nbsp; <strong>SUCESSO RENOVADO<\/strong><\/p>\n<p>&nbsp;&nbsp; As inscri\u00e7\u00f5es para a prova foram abertas em dezembro do ano passado e a procura desde ent\u00e3o tem superado as expectativas. Em levantamento feito pela coordena\u00e7\u00e3o nesta segunda-feira, dia 2, foi divulgado o n\u00famero de 400 pr\u00e9-inscritos nas motos e nos carros.<\/p>\n<p><strong>COMO CONFIRMAR<\/strong><\/p>\n<p>Para confirmar a inscri\u00e7\u00e3o, \u00e9 necess\u00e1rio efetuar o pagamento. Al\u00e9m de ter iniciado o processo com grande anteced\u00eancia, a organiza\u00e7\u00e3o abriu a possibilidade de dividir o valor em quatro vezes, no cart\u00e3o de cr\u00e9dito. Inscri\u00e7\u00f5es s\u00e3o feitas somente pelo site oficial: www.ibitipocaoffroad.com.br<\/p>\n<p><strong>CAMPE\u00d5ES NA \u00c1REA<\/strong><\/p>\n<p>&nbsp;&nbsp; V\u00e1rios pilotos de express\u00e3o nacional j\u00e1 confirmaram presen\u00e7a no evento. Entre eles, est\u00e3o: Jomar Grecco (atual tetracampe\u00e3o master), D\u00e1rio J\u00falio (atual campe\u00e3o Over 40), Sandro Hoffman (atual campe\u00e3o over 45 e maior vencedor nos 28 anos de prova) e Breno Rezende (atual campe\u00e3o s\u00eanior).<\/p>\n<p><strong> NOVAS CATEGORIAS<\/strong><\/p>\n<p>Nas motos, a prova conta pontos para o Campeonato Estadual, promovido pela Federa\u00e7\u00e3o Mineira, e Copa Estrada Real Off Road. Duas categorias foram lan\u00e7adas este ano no IOR: Dupla Over 35 (dois pilotos acima de 35 anos) e categoria Brasil (motos at\u00e9 230 cilindradas).<\/p>\n<p>&nbsp;&nbsp; As demais categorias s\u00e3o: Master, S\u00eanior, Over 40, Over 45, Over 50, Over 55, J\u00fanior, Novato, Feminino, Estreante, Dupla Graduado, Dupla Junior, Dupla Novato e Pais e Filhos<\/p>\n<p><strong>NOVO RALLY<\/strong><\/p>\n<p>&nbsp;&nbsp; Na prova de carros do IOR, em fun\u00e7\u00e3o do sucesso da experi\u00eancia em 2017, os pontos ser\u00e3o computados para o Novo Rally Minas Gerais. As categorias s\u00e3o: Graduado, Master, Passeio Pais e Filhos, Turismo e Turismo Light (4&#215;4 e 4&#215;2).<\/p>\n<p><strong>TRILHA SHOW<\/strong><\/p>\n<p>Manoel Resende, coordenador, e Thiago Resende, supervisor geral do evento, revelam que o trabalho de levantamento da prova j\u00e1 come\u00e7ou: \u201cO desafio, sempre renovado, desta vez \u00e9 ainda maior. Em 2017, muitos apontaram a prova como a melhor de todas. Vamos tentar manter o equil\u00edbrio entre t\u00e9cnica, desafio e adrenalina que tanto agrada os participantes de todo o Brasil\u201d, afirmam Manoel e Thiago.<\/p>\n","protected":false},"excerpt":{"rendered":"<p>Terminou nesta quarta-feira, 4 , o prazo para inscri\u00e7\u00f5es do primeiro lote, com valor promocional, para pilotos e navegadores que disputar\u00e3o, em 4 e 5 de agosto, o 29\u00ba Ibitipoca Off Road, rallye de regularidade mais charmoso do Brasil. &nbsp;&nbsp; SUCESSO RENOVADO &nbsp;&nbsp; As inscri\u00e7\u00f5es para a prova foram abertas em dezembro do ano passado [&hellip;]<\/p>\n","protected":false},"author":96,"featured_media":95231,"comment_status":"closed","ping_status":"closed","sticky":false,"template":"","format":"standard","meta":{"footnotes":""},"categories":[257],"tags":[],"class_list":["post-95232","post","type-post","status-publish","format-standard","has-post-thumbnail","hentry","category-esporte"],"_links":{"self":[{"href":"https:\/\/diarioregionaldigital.com.br\/index.php?rest_route=\/wp\/v2\/posts\/95232","targetHints":{"allow":["GET"]}}],"collection":[{"href":"https:\/\/diarioregionaldigital.com.br\/index.php?rest_route=\/wp\/v2\/posts"}],"about":[{"href":"https:\/\/diarioregionaldigital.com.br\/index.php?rest_route=\/wp\/v2\/types\/post"}],"author":[{"embeddable":true,"href":"https:\/\/diarioregionaldigital.com.br\/index.php?rest_route=\/wp\/v2\/users\/96"}],"replies":[{"embeddable":true,"href":"https:\/\/diarioregionaldigital.com.br\/index.php?rest_route=%2Fwp%2Fv2%2Fcomments&post=95232"}],"version-history":[{"count":0,"href":"https:\/\/diarioregionaldigital.com.br\/index.php?rest_route=\/wp\/v2\/posts\/95232\/revisions"}],"wp:featuredmedia":[{"embeddable":true,"href":"https:\/\/diarioregionaldigital.com.br\/index.php?rest_route=\/wp\/v2\/media\/95231"}],"wp:attachment":[{"href":"https:\/\/diarioregionaldigital.com.br\/index.php?rest_route=%2Fwp%2Fv2%2Fmedia&parent=95232"}],"wp:term":[{"taxonomy":"category","embeddable":true,"href":"https:\/\/diarioregionaldigital.com.br\/index.php?rest_route=%2Fwp%2Fv2%2Fcategories&post=95232"},{"taxonomy":"post_tag","embeddable":true,"href":"https:\/\/diarioregionaldigital.com.br\/index.php?rest_route=%2Fwp%2Fv2%2Ftags&post=95232"}],"curies":[{"name":"wp","href":"https:\/\/api.w.org\/{rel}","templated":true}]}}