{"id":95230,"date":"2018-04-05T13:58:04","date_gmt":"2018-04-05T16:58:04","guid":{"rendered":"http:\/\/diarioregionaljf.com.br\/2018\/04\/05\/jogos-intercolegiais-edicao-de-25-anos-tera-inicio-no-sabado\/"},"modified":"2018-04-05T13:58:04","modified_gmt":"2018-04-05T16:58:04","slug":"jogos-intercolegiais-edicao-de-25-anos-tera-inicio-no-sabado","status":"publish","type":"post","link":"https:\/\/diarioregionaldigital.com.br\/?p=95230","title":{"rendered":"Jogos Intercolegiais: edi\u00e7\u00e3o de 25 anos ter\u00e1 in\u00edcio no s\u00e1bado"},"content":{"rendered":"<p>A partir deste s\u00e1bado, 7, crian\u00e7as e adolescentes disputar\u00e3o uma das competi\u00e7\u00f5es mais expressivas da regi\u00e3o: os Jogos Intercolegiais, promovidos pela Secretaria de Esporte e Lazer (SEL) da Prefeitura de Juiz de Fora (PJF). A cerim\u00f4nia de abertura ser\u00e1 no s\u00e1bado, \u00e0s 9 horas, no Gin\u00e1sio do Sport Club Juiz de Fora (entrada pelo port\u00e3o do gin\u00e1sio na Av. Brasil) e contar\u00e1 com representantes das institui\u00e7\u00f5es de ensino inscritas na edi\u00e7\u00e3o deste ano.<\/p>\n<p> Os Jogos Intercolegiais este ano trar\u00e3o 12 modalidades: atletismo, nata\u00e7\u00e3o, jud\u00f4, badminton, xadrez, futebol de campo, futsal, fut 07, handbol, basquete, voleibol, queimada, para competidores entre 12 e 17 anos da rede escolar p\u00fablica e particular da cidade.<\/p>\n<p> <strong>Os \u201cJogos Intercolegiais\u201d<\/strong><\/p>\n<p> Envolvem toda a comunidade escolar: alunos, familiares, professores e demais funcion\u00e1rios. A competi\u00e7\u00e3o d\u00e1 oportunidade a todos os alunos de desenvolverem suas potencialidades, de forma democr\u00e1tica, visando ao aprimoramento integral, formando seres humanos aut\u00f4nomos, cr\u00edticos, cooperativos, socialmente participativos, desenvolvendo valores e princ\u00edpios democr\u00e1ticos. Proporciona, tamb\u00e9m, a participa\u00e7\u00e3o em atividades corporais, estabelecendo rela\u00e7\u00f5es equilibradas e construtivas com outros colegas, reconhecendo e respeitando caracter\u00edsticas f\u00edsicas e desempenho de si pr\u00f3prio e de outros, sem discriminar as caracter\u00edsticas pessoais, f\u00edsicas, sexuais e\/ou sociais, assegurando a inclus\u00e3o de todos os alunos. O evento tem a coordena\u00e7\u00e3o do Departamento de Inicia\u00e7\u00e3o, Forma\u00e7\u00e3o e Regimento Esportivo, atrav\u00e9s da Supervis\u00e3o de Eventos e Capacita\u00e7\u00e3o de Esportes.<\/p>\n","protected":false},"excerpt":{"rendered":"<p>A partir deste s\u00e1bado, 7, crian\u00e7as e adolescentes disputar\u00e3o uma das competi\u00e7\u00f5es mais expressivas da regi\u00e3o: os Jogos Intercolegiais, promovidos pela Secretaria de Esporte e Lazer (SEL) da Prefeitura de Juiz de Fora (PJF). A cerim\u00f4nia de abertura ser\u00e1 no s\u00e1bado, \u00e0s 9 horas, no Gin\u00e1sio do Sport Club Juiz de Fora (entrada pelo port\u00e3o [&hellip;]<\/p>\n","protected":false},"author":96,"featured_media":95229,"comment_status":"closed","ping_status":"closed","sticky":false,"template":"","format":"standard","meta":{"footnotes":""},"categories":[257],"tags":[],"class_list":["post-95230","post","type-post","status-publish","format-standard","has-post-thumbnail","hentry","category-esporte"],"_links":{"self":[{"href":"https:\/\/diarioregionaldigital.com.br\/index.php?rest_route=\/wp\/v2\/posts\/95230","targetHints":{"allow":["GET"]}}],"collection":[{"href":"https:\/\/diarioregionaldigital.com.br\/index.php?rest_route=\/wp\/v2\/posts"}],"about":[{"href":"https:\/\/diarioregionaldigital.com.br\/index.php?rest_route=\/wp\/v2\/types\/post"}],"author":[{"embeddable":true,"href":"https:\/\/diarioregionaldigital.com.br\/index.php?rest_route=\/wp\/v2\/users\/96"}],"replies":[{"embeddable":true,"href":"https:\/\/diarioregionaldigital.com.br\/index.php?rest_route=%2Fwp%2Fv2%2Fcomments&post=95230"}],"version-history":[{"count":0,"href":"https:\/\/diarioregionaldigital.com.br\/index.php?rest_route=\/wp\/v2\/posts\/95230\/revisions"}],"wp:featuredmedia":[{"embeddable":true,"href":"https:\/\/diarioregionaldigital.com.br\/index.php?rest_route=\/wp\/v2\/media\/95229"}],"wp:attachment":[{"href":"https:\/\/diarioregionaldigital.com.br\/index.php?rest_route=%2Fwp%2Fv2%2Fmedia&parent=95230"}],"wp:term":[{"taxonomy":"category","embeddable":true,"href":"https:\/\/diarioregionaldigital.com.br\/index.php?rest_route=%2Fwp%2Fv2%2Fcategories&post=95230"},{"taxonomy":"post_tag","embeddable":true,"href":"https:\/\/diarioregionaldigital.com.br\/index.php?rest_route=%2Fwp%2Fv2%2Ftags&post=95230"}],"curies":[{"name":"wp","href":"https:\/\/api.w.org\/{rel}","templated":true}]}}