{"id":95228,"date":"2018-04-05T13:56:55","date_gmt":"2018-04-05T16:56:55","guid":{"rendered":"http:\/\/diarioregionaljf.com.br\/2018\/04\/05\/aluno-do-jf-paralimpico-conquista-medalha-de-ouro-em-torneio-regional\/"},"modified":"2018-04-05T13:56:55","modified_gmt":"2018-04-05T16:56:55","slug":"aluno-do-jf-paralimpico-conquista-medalha-de-ouro-em-torneio-regional","status":"publish","type":"post","link":"https:\/\/diarioregionaldigital.com.br\/?p=95228","title":{"rendered":"Aluno do \u201cJF Paral\u00edmpico\u201d conquista medalha de ouro em torneio regional"},"content":{"rendered":"<p>Quantos passos s\u00e3o necess\u00e1rios para chegar ao sucesso? No caso de Eduardo Batista, seis. O aluno do programa \u201cJF Paral\u00edmpico\u201d, da Secretaria de Esporte e Lazer (SEL), da Prefeitura de Juiz de Fora (PJF), passou por seis advers\u00e1rios, at\u00e9 estampar, com orgulho, a medalha de ouro em seu peito.<\/p>\n<p> Eduardo viajou ao lado de Gon\u00e7alves de \u00c1vila, Mariana Telles, S\u00e1vio Samuel, Ta\u00edza Gabriel, Wendel Alves e das professoras\/t\u00e9cnicas Adriana Guarino e Ivana de Barros, rumo a Colatina, no Esp\u00edrito Santo, onde, nos dias 29 e 30 de mar\u00e7o, formaram a equipe que disputou o Campeonato Regional Leste de Bocha Paral\u00edmpica. Ao todo, 50 alunos e 11 equipes\/entidades dos estados do Rio de Janeiro, Esp\u00edrito Santo e Minas Gerais participaram do evento. Aos 26 anos, Eduardo, que fazia sua estreia em competi\u00e7\u00f5es oficiais, foi campe\u00e3o pela categoria BC2, onde o atleta apresenta quadro de paralisia cerebral, mas nenhuma ajuda de auxiliar \u00e9 permitida.<\/p>\n<p> \u201cFoi muito tranquilo. Eu sabia que os outros meninos eram bons, mas eu estava confiante\u201d, disse ele, n\u00e3o dando muita bola para a press\u00e3o do primeiro torneio. J\u00e1 para quem acompanhou de fora da quadra, o nervosismo inicial deu lugar a uma emo\u00e7\u00e3o inesquec\u00edvel. Jos\u00e9 Barbosa, pai de Eduardo, que encarou 15 horas de viagem para acompanhar o filho, n\u00e3o se conteve: \u201cA maioria da torcida era para os advers\u00e1rios. Eu olhava para o Eduardo e n\u00e3o sabia como ele aparentava estar t\u00e3o calmo. A medida que ele avan\u00e7ava na competi\u00e7\u00e3o, eu ficava mais tenso. Quando ele foi campe\u00e3o, n\u00e3o aguentei&#8230; Chorei apenas duas vezes na minha vida: quando ele nasceu e agora, quando vi ele com a medalha\u201d.<\/p>\n<p> O feito de Eduardo, que desbancou favoritos na modalidade, rendeu a terceira coloca\u00e7\u00e3o geral para a equipe do \u201cJF Paral\u00edmpico\u201d, e ajudou a consolidar o programa como refer\u00eancia na regi\u00e3o. Agora, o campe\u00e3o volta \u00e0 sua rotina de treinamentos, \u00e0s quartas e sextas-feiras, no gin\u00e1sio da SEL.<\/p>\n<p><strong>Fonte: Assessoria\/SEL<\/strong><\/p>\n","protected":false},"excerpt":{"rendered":"<p>Quantos passos s\u00e3o necess\u00e1rios para chegar ao sucesso? No caso de Eduardo Batista, seis. O aluno do programa \u201cJF Paral\u00edmpico\u201d, da Secretaria de Esporte e Lazer (SEL), da Prefeitura de Juiz de Fora (PJF), passou por seis advers\u00e1rios, at\u00e9 estampar, com orgulho, a medalha de ouro em seu peito. Eduardo viajou ao lado de Gon\u00e7alves [&hellip;]<\/p>\n","protected":false},"author":96,"featured_media":95227,"comment_status":"closed","ping_status":"closed","sticky":false,"template":"","format":"standard","meta":{"footnotes":""},"categories":[257],"tags":[],"class_list":["post-95228","post","type-post","status-publish","format-standard","has-post-thumbnail","hentry","category-esporte"],"_links":{"self":[{"href":"https:\/\/diarioregionaldigital.com.br\/index.php?rest_route=\/wp\/v2\/posts\/95228","targetHints":{"allow":["GET"]}}],"collection":[{"href":"https:\/\/diarioregionaldigital.com.br\/index.php?rest_route=\/wp\/v2\/posts"}],"about":[{"href":"https:\/\/diarioregionaldigital.com.br\/index.php?rest_route=\/wp\/v2\/types\/post"}],"author":[{"embeddable":true,"href":"https:\/\/diarioregionaldigital.com.br\/index.php?rest_route=\/wp\/v2\/users\/96"}],"replies":[{"embeddable":true,"href":"https:\/\/diarioregionaldigital.com.br\/index.php?rest_route=%2Fwp%2Fv2%2Fcomments&post=95228"}],"version-history":[{"count":0,"href":"https:\/\/diarioregionaldigital.com.br\/index.php?rest_route=\/wp\/v2\/posts\/95228\/revisions"}],"wp:featuredmedia":[{"embeddable":true,"href":"https:\/\/diarioregionaldigital.com.br\/index.php?rest_route=\/wp\/v2\/media\/95227"}],"wp:attachment":[{"href":"https:\/\/diarioregionaldigital.com.br\/index.php?rest_route=%2Fwp%2Fv2%2Fmedia&parent=95228"}],"wp:term":[{"taxonomy":"category","embeddable":true,"href":"https:\/\/diarioregionaldigital.com.br\/index.php?rest_route=%2Fwp%2Fv2%2Fcategories&post=95228"},{"taxonomy":"post_tag","embeddable":true,"href":"https:\/\/diarioregionaldigital.com.br\/index.php?rest_route=%2Fwp%2Fv2%2Ftags&post=95228"}],"curies":[{"name":"wp","href":"https:\/\/api.w.org\/{rel}","templated":true}]}}