{"id":95226,"date":"2018-04-05T12:45:08","date_gmt":"2018-04-05T15:45:08","guid":{"rendered":"http:\/\/diarioregionaljf.com.br\/2018\/04\/05\/venezuelanos-comecam-a-deixar-roraima-e-sao-abrigados-em-sao-paulo-e-cuiaba\/"},"modified":"2018-04-05T12:45:08","modified_gmt":"2018-04-05T15:45:08","slug":"venezuelanos-comecam-a-deixar-roraima-e-sao-abrigados-em-sao-paulo-e-cuiaba","status":"publish","type":"post","link":"https:\/\/diarioregionaldigital.com.br\/?p=95226","title":{"rendered":"Venezuelanos come\u00e7am a deixar Roraima e s\u00e3o abrigados em S\u00e3o Paulo e Cuiab\u00e1"},"content":{"rendered":"<p>O processo de interioriza\u00e7\u00e3o de imigrantes venezuelanos que est\u00e3o em Roraima para outros estados come\u00e7a nesta quinta-feira, 5. At\u00e9 nesta sexta-feira, 6, ser\u00e3o levados 267 imigrantes para S\u00e3o Paulo e Cuiab\u00e1 por avi\u00f5es da For\u00e7a A\u00e9rea Brasileira (FAB), em uma iniciativa do governo federal e da Organiza\u00e7\u00e3o das Na\u00e7\u00f5es Unidas (ONU).<\/p>\n<p>Na capital paulista desembarcam nesta quinta-feira 116 imigrantes. Amanh\u00e3, 69 venezuelanos ser\u00e3o acolhidos na cidade de Cuiab\u00e1 e outros 83, em S\u00e3o Paulo. Os imigrantes ser\u00e3o acolhidos em abrigos nos destinos.<\/p>\n<p>O processo de interioriza\u00e7\u00e3o foi uma estrat\u00e9gia adotada para proporcionar melhores condi\u00e7\u00f5es aos imigrantes venezuelanos que querem viver e trabalhar no Brasil. Com esse objetivo, o governo federal, com apoio t\u00e9cnico do Alto Comissariado das Na\u00e7\u00f5es Unidas para os Refugiados (Acnur) e da Organiza\u00e7\u00e3o Internacional de Migra\u00e7\u00e3o (OIM), ligadas \u00e0 ONU, buscou vagas em abrigos de prefeituras, governos estaduais e na sociedade civil para receber os imigrantes.<\/p>\n<p>Os imigrantes que aderiram, de forma volunt\u00e1ria, ao chamado processo de interioriza\u00e7\u00e3o aceitaram deixar Roraima para buscar oportunidades em outras localidades. Antes do deslocamento, todos foram devidamente imunizados em rela\u00e7\u00e3o a doen\u00e7as como sarampo, caxumba, rub\u00e9ola, febre amarela, difteria, t\u00e9tano e coqueluche.<\/p>\n<p>Os venezuelanos passaram por regulariza\u00e7\u00e3o migrat\u00f3ria junto \u00e0 Pol\u00edcia Federal \u2013 por meio de solicita\u00e7\u00e3o de ref\u00fagio ou de resid\u00eancia tempor\u00e1ria. Tamb\u00e9m foi verificada a adequa\u00e7\u00e3o do perfil dos abrigados \u00e0 localidade de destino.<\/p>\n<p>O primeiro voo est\u00e1 prestes a deixar o aeroporto de Boa Vista e tem previs\u00e3o de chegada \u00e0 Base A\u00e9rea de Guarulhos \u00e0s 13h. Tr\u00eas \u00f4nibus levar\u00e3o 83 imigrantes para um abrigo administrado pela prefeitura de S\u00e3o Paulo; 29 ir\u00e3o para um abrigo administrado pela sociedade civil e outros quatro a um local de acolhimento do estado de S\u00e3o Paulo.<\/p>\n<p>O segundo voo deixar\u00e1 Boa Vista na sexta-feira, tamb\u00e9m \u00e0s 8h (hor\u00e1rio local) e chegar\u00e1 \u00e0 base a\u00e9rea de Cuiab\u00e1 \u00e0s 11h. \u00d4nibus transportar\u00e3o 69 pessoas a um abrigo administrado por uma organiza\u00e7\u00e3o da sociedade civil.<\/p>\n<p>O mesmo voo sai de Cuiab\u00e1 \u00e0s 12h30 e chega \u00e0 base \u00e1rea de Guarulhos \u00e0s 15h30. Desse grupo, 77 v\u00e3o para abrigos da prefeitura de S\u00e3o Paulo e cinco v\u00e3o para local de acolhimento administrado pelo estado de S\u00e3o Paulo.<\/p>\n<p>Os estados de S\u00e3o Paulo e Mato Grosso e munic\u00edpios de S\u00e3o Paulo e Cuiab\u00e1 est\u00e3o trabalhando em parceria com o Governo federal e ag\u00eancias das Na\u00e7\u00f5es Unidas e apoiando essa grande a\u00e7\u00e3o humanit\u00e1ria.<\/p>\n<p>A interioriza\u00e7\u00e3o n\u00e3o ter\u00e1 custo para os venezuelanos. As viagens ser\u00e3o custeadas com os R$ 190 milh\u00f5es liberados ao Minist\u00e9rio da Defesa por meio da medida provis\u00f3ria 823\/2018, que trata da assist\u00eancia emergencial e acolhimento humanit\u00e1rio das pessoas que deixaram a Venezuela.<\/p>\n<p>Fonte: Ag\u00eancia Brasil<\/p>\n","protected":false},"excerpt":{"rendered":"<p>O processo de interioriza\u00e7\u00e3o de imigrantes venezuelanos que est\u00e3o em Roraima para outros estados come\u00e7a nesta quinta-feira, 5. At\u00e9 nesta sexta-feira, 6, ser\u00e3o levados 267 imigrantes para S\u00e3o Paulo e Cuiab\u00e1 por avi\u00f5es da For\u00e7a A\u00e9rea Brasileira (FAB), em uma iniciativa do governo federal e da Organiza\u00e7\u00e3o das Na\u00e7\u00f5es Unidas (ONU). Na capital paulista desembarcam [&hellip;]<\/p>\n","protected":false},"author":96,"featured_media":95225,"comment_status":"closed","ping_status":"closed","sticky":false,"template":"","format":"standard","meta":{"footnotes":""},"categories":[302],"tags":[],"class_list":["post-95226","post","type-post","status-publish","format-standard","has-post-thumbnail","hentry","category-brasil-mundo"],"_links":{"self":[{"href":"https:\/\/diarioregionaldigital.com.br\/index.php?rest_route=\/wp\/v2\/posts\/95226","targetHints":{"allow":["GET"]}}],"collection":[{"href":"https:\/\/diarioregionaldigital.com.br\/index.php?rest_route=\/wp\/v2\/posts"}],"about":[{"href":"https:\/\/diarioregionaldigital.com.br\/index.php?rest_route=\/wp\/v2\/types\/post"}],"author":[{"embeddable":true,"href":"https:\/\/diarioregionaldigital.com.br\/index.php?rest_route=\/wp\/v2\/users\/96"}],"replies":[{"embeddable":true,"href":"https:\/\/diarioregionaldigital.com.br\/index.php?rest_route=%2Fwp%2Fv2%2Fcomments&post=95226"}],"version-history":[{"count":0,"href":"https:\/\/diarioregionaldigital.com.br\/index.php?rest_route=\/wp\/v2\/posts\/95226\/revisions"}],"wp:featuredmedia":[{"embeddable":true,"href":"https:\/\/diarioregionaldigital.com.br\/index.php?rest_route=\/wp\/v2\/media\/95225"}],"wp:attachment":[{"href":"https:\/\/diarioregionaldigital.com.br\/index.php?rest_route=%2Fwp%2Fv2%2Fmedia&parent=95226"}],"wp:term":[{"taxonomy":"category","embeddable":true,"href":"https:\/\/diarioregionaldigital.com.br\/index.php?rest_route=%2Fwp%2Fv2%2Fcategories&post=95226"},{"taxonomy":"post_tag","embeddable":true,"href":"https:\/\/diarioregionaldigital.com.br\/index.php?rest_route=%2Fwp%2Fv2%2Ftags&post=95226"}],"curies":[{"name":"wp","href":"https:\/\/api.w.org\/{rel}","templated":true}]}}