{"id":95224,"date":"2018-04-05T12:40:05","date_gmt":"2018-04-05T15:40:05","guid":{"rendered":"http:\/\/diarioregionaljf.com.br\/2018\/04\/05\/jornais-internacionais-destacam-julgamento-de-habeas-corpus-de-lula\/"},"modified":"2018-04-05T12:40:05","modified_gmt":"2018-04-05T15:40:05","slug":"jornais-internacionais-destacam-julgamento-de-habeas-corpus-de-lula","status":"publish","type":"post","link":"https:\/\/diarioregionaldigital.com.br\/?p=95224","title":{"rendered":"Jornais internacionais destacam julgamento de habeas corpus de Lula"},"content":{"rendered":"<p>Os principais jornais internacionais estamparam na capa o julgamento do Supremo Tribunal Federal (STF), que rejeitou o habeas corpus impetrado pela defesa do ex-presidente Luiz In\u00e1cio Lula da Silva, nesta madrugada de quinta-feira, 5. Com fotografias de Lula, das manifesta\u00e7\u00f5es favor\u00e1veis e contr\u00e1rias, assim como imagens do STF, os ve\u00edculos destacaram o chamado \u201cjulgamento hist\u00f3rico\u201d.<\/p>\n<p>O The Guardian (Reino Unido), o Le Monde (Fran\u00e7a), o Deutsche Welle (Alemanha), o El Pa\u00eds (Espanha) e o Clar\u00edn (Argentina) ressaltaram, em longas reportagens, a possibilidade de Lula ser preso.<\/p>\n<p>A manchete do The Guardian diz que Lula deve enfrentar a pris\u00e3o, ap\u00f3s o resultado do Supremo, o que amea\u00e7a a carreira pol\u00edtica dele. A reportagem detalha o julgamento, que durou mais de nove horas, a hist\u00f3ria pol\u00edtica do ex-presidente e sua trajet\u00f3ria de oper\u00e1rio ao poder no pa\u00eds.<\/p>\n<p>O franc\u00eas Le Monde afirma, em sua manchete, que a decis\u00e3o do STF fragiliza a esquerda brasileira. A reportagem tamb\u00e9m menciona a biografia de Lula e diz que o PT planeja que o ex-prefeito Fernando Haddad seja o sucessor pol\u00edtico. Segundo o jornal, Lula e Haddad s\u00e3o como Lionel Messi e Lu\u00eds Suarez, do Barcelona, afinados em campo.<\/p>\n<p>Na manchete do alem\u00e3o Deutsche Welle, o destaque \u00e9 para o julgamento e os protestos. A reportagem informa que houve manifesta\u00e7\u00f5es favor\u00e1veis e contr\u00e1rias a Lula em v\u00e1rios locais do Brasil. O texto diz tamb\u00e9m que o general Eduardo Villas Boas se manifestou a favor da rejei\u00e7\u00e3o do habeas corpus impetrado pela defesa do ex-presidente.<\/p>\n<p>O jornal argentino Clar\u00edn destaca que Lula pode ser preso e detalha como foi o julgamento no STF.<\/p>\n<p>Fonte: Ag\u00eancia Brasil<\/p>\n","protected":false},"excerpt":{"rendered":"<p>Os principais jornais internacionais estamparam na capa o julgamento do Supremo Tribunal Federal (STF), que rejeitou o habeas corpus impetrado pela defesa do ex-presidente Luiz In\u00e1cio Lula da Silva, nesta madrugada de quinta-feira, 5. Com fotografias de Lula, das manifesta\u00e7\u00f5es favor\u00e1veis e contr\u00e1rias, assim como imagens do STF, os ve\u00edculos destacaram o chamado \u201cjulgamento hist\u00f3rico\u201d. [&hellip;]<\/p>\n","protected":false},"author":96,"featured_media":95223,"comment_status":"closed","ping_status":"closed","sticky":false,"template":"","format":"standard","meta":{"footnotes":""},"categories":[254],"tags":[],"class_list":["post-95224","post","type-post","status-publish","format-standard","has-post-thumbnail","hentry","category-politica"],"_links":{"self":[{"href":"https:\/\/diarioregionaldigital.com.br\/index.php?rest_route=\/wp\/v2\/posts\/95224","targetHints":{"allow":["GET"]}}],"collection":[{"href":"https:\/\/diarioregionaldigital.com.br\/index.php?rest_route=\/wp\/v2\/posts"}],"about":[{"href":"https:\/\/diarioregionaldigital.com.br\/index.php?rest_route=\/wp\/v2\/types\/post"}],"author":[{"embeddable":true,"href":"https:\/\/diarioregionaldigital.com.br\/index.php?rest_route=\/wp\/v2\/users\/96"}],"replies":[{"embeddable":true,"href":"https:\/\/diarioregionaldigital.com.br\/index.php?rest_route=%2Fwp%2Fv2%2Fcomments&post=95224"}],"version-history":[{"count":0,"href":"https:\/\/diarioregionaldigital.com.br\/index.php?rest_route=\/wp\/v2\/posts\/95224\/revisions"}],"wp:featuredmedia":[{"embeddable":true,"href":"https:\/\/diarioregionaldigital.com.br\/index.php?rest_route=\/wp\/v2\/media\/95223"}],"wp:attachment":[{"href":"https:\/\/diarioregionaldigital.com.br\/index.php?rest_route=%2Fwp%2Fv2%2Fmedia&parent=95224"}],"wp:term":[{"taxonomy":"category","embeddable":true,"href":"https:\/\/diarioregionaldigital.com.br\/index.php?rest_route=%2Fwp%2Fv2%2Fcategories&post=95224"},{"taxonomy":"post_tag","embeddable":true,"href":"https:\/\/diarioregionaldigital.com.br\/index.php?rest_route=%2Fwp%2Fv2%2Ftags&post=95224"}],"curies":[{"name":"wp","href":"https:\/\/api.w.org\/{rel}","templated":true}]}}