{"id":95216,"date":"2018-04-05T12:23:01","date_gmt":"2018-04-05T15:23:01","guid":{"rendered":"http:\/\/diarioregionaljf.com.br\/2018\/04\/05\/pt-critica-decisao-do-stf-e-diz-que-hoje-e-dia-tragico-para-a-democracia\/"},"modified":"2018-04-05T12:23:01","modified_gmt":"2018-04-05T15:23:01","slug":"pt-critica-decisao-do-stf-e-diz-que-hoje-e-dia-tragico-para-a-democracia","status":"publish","type":"post","link":"https:\/\/diarioregionaldigital.com.br\/?p=95216","title":{"rendered":"PT critica decis\u00e3o do STF e diz que hoje \u00e9 &#8220;dia tr\u00e1gico para a democracia&#8221;"},"content":{"rendered":"<p>Ap\u00f3s o Supremo Tribunal Federal (STF) ter rejeitado o pedido de habeas corpus preventivo para o ex-presidente Luiz In\u00e1cio Lula da Silva, o Partido dos Trabalhadores (PT) divulgou nota afirmando que hoje &#8220;\u00e9 um dia tr\u00e1gico para a democracia e para o Brasil&#8221;.<\/p>\n<p>Para o partido, a Constitui\u00e7\u00e3o &#8220;foi rasgada por quem deveria defend\u00ea-la e a maioria do Supremo Tribunal Federal sancionou mais uma viol\u00eancia contra o maior l\u00edder popular do pa\u00eds, o ex-presidente Luiz In\u00e1cio Lula da Silva&#8221;.<\/p>\n<p>Na nota, a legenda diz ainda que &#8220;ao pautar o julgamento do habeas corpus de Lula, antes de apreciar as a\u00e7\u00f5es que restabelecem a presun\u00e7\u00e3o da inoc\u00eancia como regra geral, a presidenta do STF determinou mais um procedimento de exce\u00e7\u00e3o&#8221;.<\/p>\n<p>&#8220;N\u00e3o h\u00e1 justi\u00e7a nesta decis\u00e3o. H\u00e1 uma combina\u00e7\u00e3o de interesses pol\u00edticos e econ\u00f4micos, contra o pa\u00eds e sua soberania, contra o processo democr\u00e1tico, contra o povo brasileiro. A Na\u00e7\u00e3o e a comunidade internacional sabem que Lula foi condenado sem provas, num processo ilegal em que ju\u00edzes notoriamente parciais n\u00e3o conseguiram sequer caracterizar a ocorr\u00eancia de um crime. Lula \u00e9 inocente e isso ser\u00e1 proclamado num julgamento justo&#8221;.<\/p>\n<p>O partido argumenta que a decis\u00e3o de hoje visa a impedir uma candidatura de Lula nas elei\u00e7\u00f5es deste ano. &#8220;O povo brasileiro tem o direito de votar em Lula, o candidato da esperan\u00e7a. O PT defender\u00e1 esta candidatura nas ruas e em todas as inst\u00e2ncias, at\u00e9 as \u00faltimas consequ\u00eancias&#8221;.<\/p>\n<p>O ex-presidente Luiz In\u00e1cio Lula da Silva decidiu n\u00e3o se pronunciar sobre o julgamento, conforme informa\u00e7\u00e3o da sua assessoria. Ele acompanhou o julgamento na sede do Sindicato dos Metal\u00fargicos do ABC, em S\u00e3o Bernardo do Campo. Os advogados do ex-presidente tamb\u00e9m n\u00e3o se manifestaram.<\/p>\n<p>Fonte: Ag\u00eancia Brasil<\/p>\n","protected":false},"excerpt":{"rendered":"<p>Ap\u00f3s o Supremo Tribunal Federal (STF) ter rejeitado o pedido de habeas corpus preventivo para o ex-presidente Luiz In\u00e1cio Lula da Silva, o Partido dos Trabalhadores (PT) divulgou nota afirmando que hoje &#8220;\u00e9 um dia tr\u00e1gico para a democracia e para o Brasil&#8221;. Para o partido, a Constitui\u00e7\u00e3o &#8220;foi rasgada por quem deveria defend\u00ea-la e [&hellip;]<\/p>\n","protected":false},"author":96,"featured_media":95215,"comment_status":"closed","ping_status":"closed","sticky":false,"template":"","format":"standard","meta":{"footnotes":""},"categories":[254],"tags":[],"class_list":["post-95216","post","type-post","status-publish","format-standard","has-post-thumbnail","hentry","category-politica"],"_links":{"self":[{"href":"https:\/\/diarioregionaldigital.com.br\/index.php?rest_route=\/wp\/v2\/posts\/95216","targetHints":{"allow":["GET"]}}],"collection":[{"href":"https:\/\/diarioregionaldigital.com.br\/index.php?rest_route=\/wp\/v2\/posts"}],"about":[{"href":"https:\/\/diarioregionaldigital.com.br\/index.php?rest_route=\/wp\/v2\/types\/post"}],"author":[{"embeddable":true,"href":"https:\/\/diarioregionaldigital.com.br\/index.php?rest_route=\/wp\/v2\/users\/96"}],"replies":[{"embeddable":true,"href":"https:\/\/diarioregionaldigital.com.br\/index.php?rest_route=%2Fwp%2Fv2%2Fcomments&post=95216"}],"version-history":[{"count":0,"href":"https:\/\/diarioregionaldigital.com.br\/index.php?rest_route=\/wp\/v2\/posts\/95216\/revisions"}],"wp:featuredmedia":[{"embeddable":true,"href":"https:\/\/diarioregionaldigital.com.br\/index.php?rest_route=\/wp\/v2\/media\/95215"}],"wp:attachment":[{"href":"https:\/\/diarioregionaldigital.com.br\/index.php?rest_route=%2Fwp%2Fv2%2Fmedia&parent=95216"}],"wp:term":[{"taxonomy":"category","embeddable":true,"href":"https:\/\/diarioregionaldigital.com.br\/index.php?rest_route=%2Fwp%2Fv2%2Fcategories&post=95216"},{"taxonomy":"post_tag","embeddable":true,"href":"https:\/\/diarioregionaldigital.com.br\/index.php?rest_route=%2Fwp%2Fv2%2Ftags&post=95216"}],"curies":[{"name":"wp","href":"https:\/\/api.w.org\/{rel}","templated":true}]}}