{"id":95214,"date":"2018-04-05T12:18:25","date_gmt":"2018-04-05T15:18:25","guid":{"rendered":"http:\/\/diarioregionaljf.com.br\/2018\/04\/05\/jovem-e-detido-por-populares-apos-assaltar-bar-no-jardim-gloria\/"},"modified":"2018-04-05T12:18:25","modified_gmt":"2018-04-05T15:18:25","slug":"jovem-e-detido-por-populares-apos-assaltar-bar-no-jardim-gloria","status":"publish","type":"post","link":"https:\/\/diarioregionaldigital.com.br\/?p=95214","title":{"rendered":"Jovem \u00e9 detido por populares ap\u00f3s assaltar bar no Jardim Gl\u00f3ria"},"content":{"rendered":"<p>Um jovem de 24 anos foi detido por populares depois de assaltar um bar na Rua Uruguaiana, no bairro Jardim Gl\u00f3ria, regi\u00e3o Noroeste da cidade, na noite dessa quarta-feira, 4.<\/p>\n<p>Uma funcion\u00e1ria do estabelecimento relatou \u00e0 Pol\u00edcia Militar (PM) que foi abordada pelo autor, que anunciou o assalto e roubou R$150 do caixa. Ao tentar fugir, o jovem foi detido por populares. Na mochila dele os policiais encontraram uma faca de cerca de dez cent\u00edmetros.<\/p>\n<p>O autor foi levado ao Hospital de Pronto Socorro (HPS) com sangramento na altura da sobrancelha. Ap\u00f3s ser medicado e liberado, foi conduzido \u00e0 delegacia.<\/p>\n","protected":false},"excerpt":{"rendered":"<p>Um jovem de 24 anos foi detido por populares depois de assaltar um bar na Rua Uruguaiana, no bairro Jardim Gl\u00f3ria, regi\u00e3o Noroeste da cidade, na noite dessa quarta-feira, 4. Uma funcion\u00e1ria do estabelecimento relatou \u00e0 Pol\u00edcia Militar (PM) que foi abordada pelo autor, que anunciou o assalto e roubou R$150 do caixa. Ao tentar [&hellip;]<\/p>\n","protected":false},"author":96,"featured_media":95213,"comment_status":"closed","ping_status":"closed","sticky":false,"template":"","format":"standard","meta":{"footnotes":""},"categories":[301],"tags":[],"class_list":["post-95214","post","type-post","status-publish","format-standard","has-post-thumbnail","hentry","category-artigos-policiais"],"_links":{"self":[{"href":"https:\/\/diarioregionaldigital.com.br\/index.php?rest_route=\/wp\/v2\/posts\/95214","targetHints":{"allow":["GET"]}}],"collection":[{"href":"https:\/\/diarioregionaldigital.com.br\/index.php?rest_route=\/wp\/v2\/posts"}],"about":[{"href":"https:\/\/diarioregionaldigital.com.br\/index.php?rest_route=\/wp\/v2\/types\/post"}],"author":[{"embeddable":true,"href":"https:\/\/diarioregionaldigital.com.br\/index.php?rest_route=\/wp\/v2\/users\/96"}],"replies":[{"embeddable":true,"href":"https:\/\/diarioregionaldigital.com.br\/index.php?rest_route=%2Fwp%2Fv2%2Fcomments&post=95214"}],"version-history":[{"count":0,"href":"https:\/\/diarioregionaldigital.com.br\/index.php?rest_route=\/wp\/v2\/posts\/95214\/revisions"}],"wp:featuredmedia":[{"embeddable":true,"href":"https:\/\/diarioregionaldigital.com.br\/index.php?rest_route=\/wp\/v2\/media\/95213"}],"wp:attachment":[{"href":"https:\/\/diarioregionaldigital.com.br\/index.php?rest_route=%2Fwp%2Fv2%2Fmedia&parent=95214"}],"wp:term":[{"taxonomy":"category","embeddable":true,"href":"https:\/\/diarioregionaldigital.com.br\/index.php?rest_route=%2Fwp%2Fv2%2Fcategories&post=95214"},{"taxonomy":"post_tag","embeddable":true,"href":"https:\/\/diarioregionaldigital.com.br\/index.php?rest_route=%2Fwp%2Fv2%2Ftags&post=95214"}],"curies":[{"name":"wp","href":"https:\/\/api.w.org\/{rel}","templated":true}]}}