{"id":95210,"date":"2018-04-05T12:03:30","date_gmt":"2018-04-05T15:03:30","guid":{"rendered":"http:\/\/diarioregionaljf.com.br\/2018\/04\/05\/dupla-armada-assalta-residencia-e-rouba-carro-no-quintas-das-avenidas\/"},"modified":"2018-04-05T12:03:30","modified_gmt":"2018-04-05T15:03:30","slug":"dupla-armada-assalta-residencia-e-rouba-carro-no-quintas-das-avenidas","status":"publish","type":"post","link":"https:\/\/diarioregionaldigital.com.br\/?p=95210","title":{"rendered":"Dupla armada assalta resid\u00eancia e rouba carro no Quintas das Avenidas"},"content":{"rendered":"<p>Dois homens, um deles armado com um rev\u00f3lver, assaltaram uma resid\u00eancia no bairro Quintas das Avenidas, regi\u00e3o Nordeste de Juiz de Fora, na noite dessa quarta-feira, 4.<\/p>\n<p>Conforme informa\u00e7\u00f5es do Boletim de Ocorr\u00eancia (BO) da Pol\u00edcia Militar (PM), uma das v\u00edtimas, uma mulher cuja idade n\u00e3o foi informada, relatou que foi abordada por dois homens ao chegar em casa. Os autores estariam com os rostos cobertos por toucas ninjas e um deles portava uma arma. Os assaltantes questionaram a moradora quanto \u00e0 presen\u00e7a de mais algu\u00e9m no local e, ao subir as escadas, se depararam com a outra v\u00edtima, um senhor de 64 anos.<\/p>\n<p>As v\u00edtimas foram obrigadas a se deitar no ch\u00e3o e, na sequ\u00eancia, tiveram as pernas amarradas com um len\u00e7\u00f3is, enquanto os assaltantes subtraiam diversos objetos. Ainda conforme o relato, a todo momento os autores faziam amea\u00e7as de morte.<\/p>\n<p>A dupla fugiu levando, dentre outros objetos, um carro, as chaves de uma moto, uma TV de Led, um celular, bijuterias e o tal\u00e3o de cheques do idoso.<\/p>\n<p>Um perito esteve na resid\u00eancia e, ap\u00f3s os trabalhos de praxe, liberou o local.<\/p>\n<p>Foi realizado rastreamento, mas os autores e o ve\u00edculo roubado n\u00e3o foram encontrados.<\/p>\n","protected":false},"excerpt":{"rendered":"<p>Dois homens, um deles armado com um rev\u00f3lver, assaltaram uma resid\u00eancia no bairro Quintas das Avenidas, regi\u00e3o Nordeste de Juiz de Fora, na noite dessa quarta-feira, 4. Conforme informa\u00e7\u00f5es do Boletim de Ocorr\u00eancia (BO) da Pol\u00edcia Militar (PM), uma das v\u00edtimas, uma mulher cuja idade n\u00e3o foi informada, relatou que foi abordada por dois homens [&hellip;]<\/p>\n","protected":false},"author":96,"featured_media":95209,"comment_status":"closed","ping_status":"closed","sticky":false,"template":"","format":"standard","meta":{"footnotes":""},"categories":[301],"tags":[],"class_list":["post-95210","post","type-post","status-publish","format-standard","has-post-thumbnail","hentry","category-artigos-policiais"],"_links":{"self":[{"href":"https:\/\/diarioregionaldigital.com.br\/index.php?rest_route=\/wp\/v2\/posts\/95210","targetHints":{"allow":["GET"]}}],"collection":[{"href":"https:\/\/diarioregionaldigital.com.br\/index.php?rest_route=\/wp\/v2\/posts"}],"about":[{"href":"https:\/\/diarioregionaldigital.com.br\/index.php?rest_route=\/wp\/v2\/types\/post"}],"author":[{"embeddable":true,"href":"https:\/\/diarioregionaldigital.com.br\/index.php?rest_route=\/wp\/v2\/users\/96"}],"replies":[{"embeddable":true,"href":"https:\/\/diarioregionaldigital.com.br\/index.php?rest_route=%2Fwp%2Fv2%2Fcomments&post=95210"}],"version-history":[{"count":0,"href":"https:\/\/diarioregionaldigital.com.br\/index.php?rest_route=\/wp\/v2\/posts\/95210\/revisions"}],"wp:featuredmedia":[{"embeddable":true,"href":"https:\/\/diarioregionaldigital.com.br\/index.php?rest_route=\/wp\/v2\/media\/95209"}],"wp:attachment":[{"href":"https:\/\/diarioregionaldigital.com.br\/index.php?rest_route=%2Fwp%2Fv2%2Fmedia&parent=95210"}],"wp:term":[{"taxonomy":"category","embeddable":true,"href":"https:\/\/diarioregionaldigital.com.br\/index.php?rest_route=%2Fwp%2Fv2%2Fcategories&post=95210"},{"taxonomy":"post_tag","embeddable":true,"href":"https:\/\/diarioregionaldigital.com.br\/index.php?rest_route=%2Fwp%2Fv2%2Ftags&post=95210"}],"curies":[{"name":"wp","href":"https:\/\/api.w.org\/{rel}","templated":true}]}}