{"id":95206,"date":"2018-04-05T11:12:07","date_gmt":"2018-04-05T14:12:07","guid":{"rendered":"http:\/\/diarioregionaljf.com.br\/2018\/04\/05\/mulher-e-assaltada-na-porta-de-casa-e-tem-mais-de-r-1-mil-roubados-no-benfica\/"},"modified":"2018-04-05T11:12:07","modified_gmt":"2018-04-05T14:12:07","slug":"mulher-e-assaltada-na-porta-de-casa-e-tem-mais-de-r-1-mil-roubados-no-benfica","status":"publish","type":"post","link":"https:\/\/diarioregionaldigital.com.br\/?p=95206","title":{"rendered":"Mulher \u00e9 assaltada na porta de casa e tem mais de R$1 mil roubados no Benfica"},"content":{"rendered":"<p>Uma mulher de 47 anos foi assaltada por um homem armado com faca ao chegar no pr\u00e9dio onde mora, no bairro Benfica, zona Norte, na manh\u00e3 dessa quarta-feira, 4.<\/p>\n<p>A v\u00edtima relatou \u00e0 Pol\u00edcia Militar (PM) que, ao chegar no edif\u00edcio, notou que a porta estava aberta, momento no qual foi surpreendida pelo assaltante. De posse da faca, o autor anunciou o assalto, vindo a roubar a quantia de R$1,4 mil e o telefone celular da mulher.<\/p>\n<p>O assaltante fugiu em uma bicicleta vermelha, rumo ao bairro Vila Esperan\u00e7a. Os policiais realizaram rastreamento, mas o autor n\u00e3o foi localizado.<\/p>\n","protected":false},"excerpt":{"rendered":"<p>Uma mulher de 47 anos foi assaltada por um homem armado com faca ao chegar no pr\u00e9dio onde mora, no bairro Benfica, zona Norte, na manh\u00e3 dessa quarta-feira, 4. A v\u00edtima relatou \u00e0 Pol\u00edcia Militar (PM) que, ao chegar no edif\u00edcio, notou que a porta estava aberta, momento no qual foi surpreendida pelo assaltante. De [&hellip;]<\/p>\n","protected":false},"author":96,"featured_media":95205,"comment_status":"closed","ping_status":"closed","sticky":false,"template":"","format":"standard","meta":{"footnotes":""},"categories":[301],"tags":[],"class_list":["post-95206","post","type-post","status-publish","format-standard","has-post-thumbnail","hentry","category-artigos-policiais"],"_links":{"self":[{"href":"https:\/\/diarioregionaldigital.com.br\/index.php?rest_route=\/wp\/v2\/posts\/95206","targetHints":{"allow":["GET"]}}],"collection":[{"href":"https:\/\/diarioregionaldigital.com.br\/index.php?rest_route=\/wp\/v2\/posts"}],"about":[{"href":"https:\/\/diarioregionaldigital.com.br\/index.php?rest_route=\/wp\/v2\/types\/post"}],"author":[{"embeddable":true,"href":"https:\/\/diarioregionaldigital.com.br\/index.php?rest_route=\/wp\/v2\/users\/96"}],"replies":[{"embeddable":true,"href":"https:\/\/diarioregionaldigital.com.br\/index.php?rest_route=%2Fwp%2Fv2%2Fcomments&post=95206"}],"version-history":[{"count":0,"href":"https:\/\/diarioregionaldigital.com.br\/index.php?rest_route=\/wp\/v2\/posts\/95206\/revisions"}],"wp:featuredmedia":[{"embeddable":true,"href":"https:\/\/diarioregionaldigital.com.br\/index.php?rest_route=\/wp\/v2\/media\/95205"}],"wp:attachment":[{"href":"https:\/\/diarioregionaldigital.com.br\/index.php?rest_route=%2Fwp%2Fv2%2Fmedia&parent=95206"}],"wp:term":[{"taxonomy":"category","embeddable":true,"href":"https:\/\/diarioregionaldigital.com.br\/index.php?rest_route=%2Fwp%2Fv2%2Fcategories&post=95206"},{"taxonomy":"post_tag","embeddable":true,"href":"https:\/\/diarioregionaldigital.com.br\/index.php?rest_route=%2Fwp%2Fv2%2Ftags&post=95206"}],"curies":[{"name":"wp","href":"https:\/\/api.w.org\/{rel}","templated":true}]}}