{"id":95204,"date":"2018-04-05T10:58:33","date_gmt":"2018-04-05T13:58:33","guid":{"rendered":"http:\/\/diarioregionaljf.com.br\/2018\/04\/05\/quatro-sao-detidos-por-trafico-de-drogas-no-nossa-senhora-de-lourdes\/"},"modified":"2018-04-05T10:58:33","modified_gmt":"2018-04-05T13:58:33","slug":"quatro-sao-detidos-por-trafico-de-drogas-no-nossa-senhora-de-lourdes","status":"publish","type":"post","link":"https:\/\/diarioregionaldigital.com.br\/?p=95204","title":{"rendered":"Quatro s\u00e3o detidos por tr\u00e1fico de drogas no Nossa Senhora de Lourdes"},"content":{"rendered":"<p>Dois homens, de 20 e 25 anos, e duas mulheres, de 19 e 40 anos, foram detidos por tr\u00e1fico de drogas no bairro Nossa Senhora de Lourdes, zona Leste da cidade, na noite dessa quarta-feira, 4.<\/p>\n<p>Segundo informa\u00e7\u00f5es do registro da ocorr\u00eancia na Pol\u00edcia Militar (PM), os autores foram localizados em um im\u00f3vel na Rua Antenor Celso Rizzato ap\u00f3s levantamento de informa\u00e7\u00f5es recebidas via disque den\u00fancia. Com eles foram apreendidas, dentre outras subst\u00e2ncias, cinco barras de maconha, uma pedra bruta de crack, 25 pedras de crack pronto para consumo e uma por\u00e7\u00e3o de coca\u00edna. Tamb\u00e9m foram localizadas uma balan\u00e7a de precis\u00e3o e materiais para endolo e preparo de drogas.<\/p>\n<p>&nbsp;<\/p>\n<h4>ZONA NORDESTE<\/h4>\n<p>Tamb\u00e9m nessa quarta-feira, 4, dois homens, de 22 e 25 anos, foram presos por tr\u00e1fico de drogas no bairro Grama, regi\u00e3o Nordeste de Juiz de Fora. Ap\u00f3s recebimento de den\u00fancia, os militares localizaram os autores na Rua Vanda e apreenderam cerca de 50 pedras de crack.<\/p>\n<p>A a\u00e7\u00e3o tamb\u00e9m resultou na apreens\u00e3o de uma motocicleta.<\/p>\n<p>Os autores foram detidos e conduzidos \u00e0 delegacia.<\/p>\n","protected":false},"excerpt":{"rendered":"<p>Dois homens, de 20 e 25 anos, e duas mulheres, de 19 e 40 anos, foram detidos por tr\u00e1fico de drogas no bairro Nossa Senhora de Lourdes, zona Leste da cidade, na noite dessa quarta-feira, 4. Segundo informa\u00e7\u00f5es do registro da ocorr\u00eancia na Pol\u00edcia Militar (PM), os autores foram localizados em um im\u00f3vel na Rua [&hellip;]<\/p>\n","protected":false},"author":96,"featured_media":95203,"comment_status":"closed","ping_status":"closed","sticky":false,"template":"","format":"standard","meta":{"footnotes":""},"categories":[301],"tags":[],"class_list":["post-95204","post","type-post","status-publish","format-standard","has-post-thumbnail","hentry","category-artigos-policiais"],"_links":{"self":[{"href":"https:\/\/diarioregionaldigital.com.br\/index.php?rest_route=\/wp\/v2\/posts\/95204","targetHints":{"allow":["GET"]}}],"collection":[{"href":"https:\/\/diarioregionaldigital.com.br\/index.php?rest_route=\/wp\/v2\/posts"}],"about":[{"href":"https:\/\/diarioregionaldigital.com.br\/index.php?rest_route=\/wp\/v2\/types\/post"}],"author":[{"embeddable":true,"href":"https:\/\/diarioregionaldigital.com.br\/index.php?rest_route=\/wp\/v2\/users\/96"}],"replies":[{"embeddable":true,"href":"https:\/\/diarioregionaldigital.com.br\/index.php?rest_route=%2Fwp%2Fv2%2Fcomments&post=95204"}],"version-history":[{"count":0,"href":"https:\/\/diarioregionaldigital.com.br\/index.php?rest_route=\/wp\/v2\/posts\/95204\/revisions"}],"wp:featuredmedia":[{"embeddable":true,"href":"https:\/\/diarioregionaldigital.com.br\/index.php?rest_route=\/wp\/v2\/media\/95203"}],"wp:attachment":[{"href":"https:\/\/diarioregionaldigital.com.br\/index.php?rest_route=%2Fwp%2Fv2%2Fmedia&parent=95204"}],"wp:term":[{"taxonomy":"category","embeddable":true,"href":"https:\/\/diarioregionaldigital.com.br\/index.php?rest_route=%2Fwp%2Fv2%2Fcategories&post=95204"},{"taxonomy":"post_tag","embeddable":true,"href":"https:\/\/diarioregionaldigital.com.br\/index.php?rest_route=%2Fwp%2Fv2%2Ftags&post=95204"}],"curies":[{"name":"wp","href":"https:\/\/api.w.org\/{rel}","templated":true}]}}