{"id":95194,"date":"2018-04-04T22:34:59","date_gmt":"2018-04-05T01:34:59","guid":{"rendered":"http:\/\/diarioregionaljf.com.br\/2018\/04\/04\/prefeitura-municipal-de-descoberto-05-04-18\/"},"modified":"2018-08-13T20:32:17","modified_gmt":"2018-08-13T23:32:17","slug":"prefeitura-municipal-de-descoberto-05-04-18","status":"publish","type":"post","link":"https:\/\/diarioregionaldigital.com.br\/?p=95194","title":{"rendered":"Prefeitura Municipal De Descoberto 05\/04\/18"},"content":{"rendered":"<p style=\"text-align: center;\"><span class=\"h4\">PREFEITURA MUNICIPAL DE DESCOBERTO<\/span><br \/><span class=\"h4\">AVISO DE LICITA\u00c7\u00c3O<\/span><br \/><span class=\"h4\">Licita\u00e7\u00e3o n\u00b0 018\/2018<\/span><br \/><span class=\"h4\">Modalidade de Preg\u00e3o Presencial n\u00b0 006\/2018<\/span><br \/>O Munic\u00edpio de DESCOBERTO, na forma da lei, faz saber a todos quantos o presente edital virem, ou dele conhecimento tiverem, que a partir das 09:00h do dia 18 de abril de 2018, na Prefeitura Municipal na sala da comiss\u00e3o de licita\u00e7\u00e3o, localizada na rua CAPIT\u00c3O BAS\u00cdLIO, n\u00b0 39, bairro CENTRO, munic\u00edpio de DESCOBERTO, ser\u00e1 realizada licita\u00e7\u00e3o para a AQUISI\u00c7\u00c3O DE MATERIAL ESCOLAR E DE EXPEDIENTE PARA DIVERSOS SETORES DA PREFEITURA, tipo Menor Pre\u00e7o por Item, pelo SISITEMA DE REGISTRO DE PRE\u00c7O conforme consta no edital que se encontra a disposi\u00e7\u00e3o de todos os interessados na Prefeitura Municipal, onde poder\u00e3o obt\u00ea-lo. Para conhecimento de todos os interessados, expediu-se o presente que ser\u00e1 afixado no lugar de costume, publicando-se na forma da lei. DESCOBERTO, 2 de abril de 2018.<\/p>\n","protected":false},"excerpt":{"rendered":"<p>PREFEITURA MUNICIPAL DE DESCOBERTOAVISO DE LICITA\u00c7\u00c3OLicita\u00e7\u00e3o n\u00b0 018\/2018Modalidade de Preg\u00e3o Presencial n\u00b0 006\/2018O Munic\u00edpio de DESCOBERTO, na forma da lei, faz saber a todos quantos o presente edital virem, ou dele conhecimento tiverem, que a partir das 09:00h do dia 18 de abril de 2018, na Prefeitura Municipal na sala da comiss\u00e3o de licita\u00e7\u00e3o, localizada [&hellip;]<\/p>\n","protected":false},"author":96,"featured_media":0,"comment_status":"closed","ping_status":"closed","sticky":false,"template":"","format":"standard","meta":{"footnotes":""},"categories":[307],"tags":[],"class_list":["post-95194","post","type-post","status-publish","format-standard","hentry","category-editais"],"_links":{"self":[{"href":"https:\/\/diarioregionaldigital.com.br\/index.php?rest_route=\/wp\/v2\/posts\/95194","targetHints":{"allow":["GET"]}}],"collection":[{"href":"https:\/\/diarioregionaldigital.com.br\/index.php?rest_route=\/wp\/v2\/posts"}],"about":[{"href":"https:\/\/diarioregionaldigital.com.br\/index.php?rest_route=\/wp\/v2\/types\/post"}],"author":[{"embeddable":true,"href":"https:\/\/diarioregionaldigital.com.br\/index.php?rest_route=\/wp\/v2\/users\/96"}],"replies":[{"embeddable":true,"href":"https:\/\/diarioregionaldigital.com.br\/index.php?rest_route=%2Fwp%2Fv2%2Fcomments&post=95194"}],"version-history":[{"count":0,"href":"https:\/\/diarioregionaldigital.com.br\/index.php?rest_route=\/wp\/v2\/posts\/95194\/revisions"}],"wp:attachment":[{"href":"https:\/\/diarioregionaldigital.com.br\/index.php?rest_route=%2Fwp%2Fv2%2Fmedia&parent=95194"}],"wp:term":[{"taxonomy":"category","embeddable":true,"href":"https:\/\/diarioregionaldigital.com.br\/index.php?rest_route=%2Fwp%2Fv2%2Fcategories&post=95194"},{"taxonomy":"post_tag","embeddable":true,"href":"https:\/\/diarioregionaldigital.com.br\/index.php?rest_route=%2Fwp%2Fv2%2Ftags&post=95194"}],"curies":[{"name":"wp","href":"https:\/\/api.w.org\/{rel}","templated":true}]}}