{"id":95192,"date":"2018-04-04T22:31:47","date_gmt":"2018-04-05T01:31:47","guid":{"rendered":"http:\/\/diarioregionaljf.com.br\/2018\/04\/04\/cartorio-benfica-05-04-18\/"},"modified":"2018-08-13T20:32:17","modified_gmt":"2018-08-13T23:32:17","slug":"cartorio-benfica-05-04-18","status":"publish","type":"post","link":"https:\/\/diarioregionaldigital.com.br\/?p=95192","title":{"rendered":"Cart\u00f3rio Benfica 05\/04\/18"},"content":{"rendered":"<p class=\"h4\">REP\u00daBLICA FEDERATIVA DO BRASIL ESTADO DE MINAS GERAIS<\/p>\n<p class=\"h4\">Cart\u00f3rio de Registro Civil 3\u00ba Subdistrito &#8211; Juiz de Fora MG<br \/>Oficial Titular: Mariana Sad Albuquerque e Castro<br \/>Rua Tom\u00e9 de Souza, 49 &#8211; Lj 03 Benfica<br \/>36090270 &#8211; Juiz de Fora &#8211; MG<\/p>\n<p>Faz saber que pretendem casar-se:<br \/>01 &#8211; ADRIANO CAMPOS MORETSON, resid\u00eancia Rua H\u00e9lio Noronha, n\u00ba24, casa 02, Nova Benfica, Juiz de Fora-MG e PAULA OLIVEIRA ELEOT\u00c9RIO, resid\u00eancia Rua H\u00e9lio Noronha, n\u00ba24, casa 02, Nova Benfica, Juiz de Fora-MG;<\/p>\n<p>02 &#8211; IVO DIAS DE OLIVEIRA, resid\u00eancia Rua Ivan Jos\u00e9 da Hora, 67, Ponte Preta, Juiz de Fora-MG e ANA MARIA DOS SANTOS, resid\u00eancia Rua Ivan Jos\u00e9 da Hora, 67, Ponte Preta, Juiz de Fora-MG.<\/p>\n<p>Os contraentes apresentaram os documentos exigidos pelo art.1525 do C\u00f3digo Civil Brasileiro. Se algu\u00e9m souber de algum impedimento, que os impe\u00e7am de se casar, que o fa\u00e7a na forma da Lei:<\/p>\n<p class=\"h5\">Juiz de Fora , 04\/04\/2018<br \/>MARIANA SAD ALBUQUERQUE E CASTRO<br \/>Oficial do Registro Civil<br \/>Cartosoft &#8211; Automa\u00e7\u00e3o de Cart\u00f3rios do Registro Civil www.cartosoft.com.br<\/p>\n","protected":false},"excerpt":{"rendered":"<p>REP\u00daBLICA FEDERATIVA DO BRASIL ESTADO DE MINAS GERAIS Cart\u00f3rio de Registro Civil 3\u00ba Subdistrito &#8211; Juiz de Fora MGOficial Titular: Mariana Sad Albuquerque e CastroRua Tom\u00e9 de Souza, 49 &#8211; Lj 03 Benfica36090270 &#8211; Juiz de Fora &#8211; MG Faz saber que pretendem casar-se:01 &#8211; ADRIANO CAMPOS MORETSON, resid\u00eancia Rua H\u00e9lio Noronha, n\u00ba24, casa 02, [&hellip;]<\/p>\n","protected":false},"author":96,"featured_media":0,"comment_status":"closed","ping_status":"closed","sticky":false,"template":"","format":"standard","meta":{"footnotes":""},"categories":[307],"tags":[],"class_list":["post-95192","post","type-post","status-publish","format-standard","hentry","category-editais"],"_links":{"self":[{"href":"https:\/\/diarioregionaldigital.com.br\/index.php?rest_route=\/wp\/v2\/posts\/95192","targetHints":{"allow":["GET"]}}],"collection":[{"href":"https:\/\/diarioregionaldigital.com.br\/index.php?rest_route=\/wp\/v2\/posts"}],"about":[{"href":"https:\/\/diarioregionaldigital.com.br\/index.php?rest_route=\/wp\/v2\/types\/post"}],"author":[{"embeddable":true,"href":"https:\/\/diarioregionaldigital.com.br\/index.php?rest_route=\/wp\/v2\/users\/96"}],"replies":[{"embeddable":true,"href":"https:\/\/diarioregionaldigital.com.br\/index.php?rest_route=%2Fwp%2Fv2%2Fcomments&post=95192"}],"version-history":[{"count":0,"href":"https:\/\/diarioregionaldigital.com.br\/index.php?rest_route=\/wp\/v2\/posts\/95192\/revisions"}],"wp:attachment":[{"href":"https:\/\/diarioregionaldigital.com.br\/index.php?rest_route=%2Fwp%2Fv2%2Fmedia&parent=95192"}],"wp:term":[{"taxonomy":"category","embeddable":true,"href":"https:\/\/diarioregionaldigital.com.br\/index.php?rest_route=%2Fwp%2Fv2%2Fcategories&post=95192"},{"taxonomy":"post_tag","embeddable":true,"href":"https:\/\/diarioregionaldigital.com.br\/index.php?rest_route=%2Fwp%2Fv2%2Ftags&post=95192"}],"curies":[{"name":"wp","href":"https:\/\/api.w.org\/{rel}","templated":true}]}}