{"id":95191,"date":"2018-04-04T22:30:30","date_gmt":"2018-04-05T01:30:30","guid":{"rendered":"http:\/\/diarioregionaljf.com.br\/2018\/04\/04\/cartorio-virela-05-04-18\/"},"modified":"2018-08-13T20:32:17","modified_gmt":"2018-08-13T23:32:17","slug":"cartorio-virela-05-04-18","status":"publish","type":"post","link":"https:\/\/diarioregionaldigital.com.br\/?p=95191","title":{"rendered":"Cart\u00f3rio Virela 05\/04\/18"},"content":{"rendered":"<p class=\"h4\">REP\u00daBLICA FEDERATIVA DO BRASIL ESTADO DE MINAS GERAIS<\/p>\n<p class=\"h4\">Cart\u00f3rio de Registro Civil do 2\u00ba Subdistrito de Juiz de Fora &#8211; MG<br \/>Oficial Titular: Carlos Jos\u00e9 Ribeiro de Castro<br \/>Rua Bar\u00e3o de Cataguases, 15 Centro<br \/>36015-370 &#8211; Juiz de Fora &#8211; MG<\/p>\n<p>Faz saber que pretendem casar-se:<br \/>01 &#8211; ALEXANDRE LUIZ DA SILVA, solteiro, Vigilante, resid\u00eancia Rua Deputado Arlindo Zanini,400\/02, Parque Independencia, Juiz de Fora-MG; e RAPHAELA DO NASCIMENTO DAVID, solteira, Gerente de Loja, resid\u00eancia Rua Deputado Arlindo Zanini,400\/02, Parque Independencia, Juiz de Fora-MG<\/p>\n<p>02 &#8211; JOSU\u00c9 VIEIRA DA SILVA, solteiro, eletricista, resid\u00eancia Rua Aleixo Martins Neto 783, Marumbi, Juiz de Fora-MG; e CLAUDIN\u00c9IA APARECIDA GOMES TOLEDO, solteira, esteticista, resid\u00eancia Rua Aleixo Martins Neto 783, Marumbi, Juiz de Fora-MG<\/p>\n<p>03 &#8211; KLEITON ALVES DE OLIVEIRA, solteiro, Promotor de Vendas, resid\u00eancia Rua Sebastiana Rosa Freitas , 10\/203, Barbosa Lage, Juiz de Fora-MG; e S\u00cdLVIA HELENA DE FIGUEIREDO GERMANO, solteira, Jornalista, resid\u00eancia Rua Sebastiana Rosa Freitas , 10\/203, Barbosa Lage, Juiz de Fora-MG<\/p>\n<p>04 &#8211; MARCUS VINICIUS DA SILVA J\u00daNIOR, solteiro, Servente de Pedreiro, resid\u00eancia Rua Camilo Marques de Souza, 29, Vila Alpina, Juiz de Fora-MG; e J\u00c9SSICA DA SILVA DE SOUZA, solteira, Atendente, resid\u00eancia Rua Camilo Marques de Souza, 29, Vila Alpina, Juiz de Fora-MG<\/p>\n<p>05 &#8211; THIAGO MARTINS DA SILVA, solteiro, Professor, resid\u00eancia Rua Santana.244\/301, Santa Terezinha, Juiz de Fora-MG; e LAYZE FERNANDA DOS SANTOS NICACIO, solteira, Professora, resid\u00eancia Rua Aurora Trist\u00e3o,761, Bandeirantes, Juiz de Fora-MG<\/p>\n<p>06 &#8211; VICTOR HUGO DE OLIVEIRA BAIO, solteiro, representante, resid\u00eancia Rua Jos\u00e9 Sevarolli, 47 casa 02 fundos, Marumbi, Juiz de Fora-MG; e THAYS SILVA MARCELO, solteira, enfermeira, resid\u00eancia Rua Ces\u00e1rio Alvim, 405 fundos, S\u00e3o Bernardo, Juiz de Fora-MG<\/p>\n<p>Os contraentes apresentaram os documentos exigidos pelo art.1525 do C\u00f3digo Civil Brasileiro. Se algu\u00e9m souber de algum impedimento, que os impe\u00e7am de se casar, que o fa\u00e7a na forma da Lei:<\/p>\n<p class=\"h5\">Juiz de Fora , 05\/04\/2018<br \/>CARLOS JOS\u00c9 RIBEIRO DE CASTRO<br \/>Oficial do Registro Civil<br \/>Cartosoft &#8211; Automa\u00e7\u00e3o de Cart\u00f3rios do Registro Civil www.cartosoft.com.br<\/p>\n","protected":false},"excerpt":{"rendered":"<p>REP\u00daBLICA FEDERATIVA DO BRASIL ESTADO DE MINAS GERAIS Cart\u00f3rio de Registro Civil do 2\u00ba Subdistrito de Juiz de Fora &#8211; MGOficial Titular: Carlos Jos\u00e9 Ribeiro de CastroRua Bar\u00e3o de Cataguases, 15 Centro36015-370 &#8211; Juiz de Fora &#8211; MG Faz saber que pretendem casar-se:01 &#8211; ALEXANDRE LUIZ DA SILVA, solteiro, Vigilante, resid\u00eancia Rua Deputado Arlindo Zanini,400\/02, [&hellip;]<\/p>\n","protected":false},"author":96,"featured_media":0,"comment_status":"closed","ping_status":"closed","sticky":false,"template":"","format":"standard","meta":{"footnotes":""},"categories":[307],"tags":[],"class_list":["post-95191","post","type-post","status-publish","format-standard","hentry","category-editais"],"_links":{"self":[{"href":"https:\/\/diarioregionaldigital.com.br\/index.php?rest_route=\/wp\/v2\/posts\/95191","targetHints":{"allow":["GET"]}}],"collection":[{"href":"https:\/\/diarioregionaldigital.com.br\/index.php?rest_route=\/wp\/v2\/posts"}],"about":[{"href":"https:\/\/diarioregionaldigital.com.br\/index.php?rest_route=\/wp\/v2\/types\/post"}],"author":[{"embeddable":true,"href":"https:\/\/diarioregionaldigital.com.br\/index.php?rest_route=\/wp\/v2\/users\/96"}],"replies":[{"embeddable":true,"href":"https:\/\/diarioregionaldigital.com.br\/index.php?rest_route=%2Fwp%2Fv2%2Fcomments&post=95191"}],"version-history":[{"count":0,"href":"https:\/\/diarioregionaldigital.com.br\/index.php?rest_route=\/wp\/v2\/posts\/95191\/revisions"}],"wp:attachment":[{"href":"https:\/\/diarioregionaldigital.com.br\/index.php?rest_route=%2Fwp%2Fv2%2Fmedia&parent=95191"}],"wp:term":[{"taxonomy":"category","embeddable":true,"href":"https:\/\/diarioregionaldigital.com.br\/index.php?rest_route=%2Fwp%2Fv2%2Fcategories&post=95191"},{"taxonomy":"post_tag","embeddable":true,"href":"https:\/\/diarioregionaldigital.com.br\/index.php?rest_route=%2Fwp%2Fv2%2Ftags&post=95191"}],"curies":[{"name":"wp","href":"https:\/\/api.w.org\/{rel}","templated":true}]}}