{"id":95189,"date":"2018-04-04T22:26:19","date_gmt":"2018-04-05T01:26:19","guid":{"rendered":"http:\/\/diarioregionaljf.com.br\/2018\/04\/04\/em-cena-4\/"},"modified":"2018-04-04T22:26:19","modified_gmt":"2018-04-05T01:26:19","slug":"em-cena-4","status":"publish","type":"post","link":"https:\/\/diarioregionaldigital.com.br\/?p=95189","title":{"rendered":"Em Cena"},"content":{"rendered":"<p style=\"text-align: center;\"><span class=\"h4\">Em Cena<\/span><br \/>Conjugando talento e criatividade, o jornalista Ique Landim acaba de ser nomeado o novo assessor de comunica\u00e7\u00e3o da Prefeitura de Chiador. O cargo foi conquistado ap\u00f3s o reconhecimento do excelente trabalho que vem sendo realizado dentro do campo da comunica\u00e7\u00e3o em Juiz de Fora. Palmas para ele.<\/p>\n<p style=\"text-align: center;\"><span class=\"h4\">Pormenores<\/span><br \/>Em ritmo de festa, o arquiteto Fabr\u00edcio Viana comemora a alta demanda pelos seus trabalhos em Juiz de Fora e em sua cidade natal Sapucaia, no interior do Rio de Janeiro. O diferencial do profissional \u00e9 a busca pela perfei\u00e7\u00e3o de detalhes, o que traz leveza e sofistica\u00e7\u00e3o ao ambiente. Sempre antenado seus trabalhos ganham destaque nos espa\u00e7os sofisticados gerando bom viver.<\/p>\n<p style=\"text-align: center;\"><span class=\"h4\">Problema<\/span><br \/>No Brasil, atualmente, existem 138 mil pessoas condenadas por tr\u00e1fico ou por associa\u00e7\u00e3o para tr\u00e1fico de drogas. O n\u00famero de pessoas condenadas por lavagem de dinheiro (crime de colarinho branco) n\u00e3o chega a um d\u00e9cimo disso, segundo as estat\u00edsticas judiciais.<\/p>\n<p style=\"text-align: center;\"><span class=\"h4\">Puro Glamour<\/span><br \/>O cabeleireiro e maquiador Ronald Tostes acabou de inaugurar seu novo espa\u00e7o no Edif\u00edcio Rossi. Com mil projetos em andamento, o profissional tem dedicado bastante tempo ao aperfei\u00e7oamento de penteados e maquiagem para noivas.Al\u00e9m disso tem oferecido um servi\u00e7o personalizado e exclusivo ao p\u00fablico.<\/p>\n<p style=\"text-align: center;\"><span class=\"h4\">Beleza Total<\/span><br \/>Em ritmo de visual impactante, a jornalista Let\u00edcia Abdalla est\u00e1 se dedicando ao efeito m\u00e1gico das maquiagens art\u00edsticas, casuais e de gala. Em cena, rostos maravilhosos que expressam sentimentos, emo\u00e7\u00f5es e hist\u00f3rias. Ela est\u00e1 brilhando sem parar nas redes sociais.<\/p>\n<p style=\"text-align: center;\"><img decoding=\"async\" class=\" size-full wp-image-95179\" src=\"http:\/\/diarioregionaljf.com.br\/wp-content\/uploads\/2018\/04\/diario-int-25699-1.jpg\" alt=\"fotoaa2.jpg\" width=\"680\" style=\"display: block; margin-left: auto; margin-right: auto;\" srcset=\"https:\/\/diarioregionaldigital.com.br\/wp-content\/uploads\/2018\/04\/diario-int-25699-1.jpg 680w, https:\/\/diarioregionaldigital.com.br\/wp-content\/uploads\/2018\/04\/diario-int-25699-1-300x199.jpg 300w, https:\/\/diarioregionaldigital.com.br\/wp-content\/uploads\/2018\/04\/diario-int-25699-1-360x238.jpg 360w\" sizes=\"(max-width: 680px) 100vw, 680px\" \/>O Comandante da 4\u00b0 Brigada de Infantaria Leve (Montanha), general Carlos Andr\u00e9 Alc\u00e2ntara Leite, recebeu a imprensa para um ador\u00e1vel caf\u00e9 na sede localizada no bairro Mariano Proc\u00f3pio. A editora geral do Di\u00e1rio Regional marcou presen\u00e7a<\/p>\n<p style=\"text-align: center;\"><img decoding=\"async\" class=\" size-full wp-image-95180\" src=\"http:\/\/diarioregionaljf.com.br\/wp-content\/uploads\/2018\/04\/diario-int-25699-2.jpg\" alt=\"fotoaa.jpg\" width=\"680\" style=\"display: block; margin-left: auto; margin-right: auto;\" srcset=\"https:\/\/diarioregionaldigital.com.br\/wp-content\/uploads\/2018\/04\/diario-int-25699-2.jpg 680w, https:\/\/diarioregionaldigital.com.br\/wp-content\/uploads\/2018\/04\/diario-int-25699-2-300x199.jpg 300w, https:\/\/diarioregionaldigital.com.br\/wp-content\/uploads\/2018\/04\/diario-int-25699-2-360x238.jpg 360w\" sizes=\"(max-width: 680px) 100vw, 680px\" \/>Comemorando 2 anos de casados em Veneza, o bonito casal Charlie Tam e Vera Alice Tam<\/p>\n<p style=\"text-align: center;\"><img decoding=\"async\" class=\" size-full wp-image-95181\" src=\"http:\/\/diarioregionaljf.com.br\/wp-content\/uploads\/2018\/04\/diario-int-25699-3.jpg\" alt=\"fotob.jpg\" width=\"680\" style=\"display: block; margin-left: auto; margin-right: auto;\" srcset=\"https:\/\/diarioregionaldigital.com.br\/wp-content\/uploads\/2018\/04\/diario-int-25699-3.jpg 680w, https:\/\/diarioregionaldigital.com.br\/wp-content\/uploads\/2018\/04\/diario-int-25699-3-300x243.jpg 300w, https:\/\/diarioregionaldigital.com.br\/wp-content\/uploads\/2018\/04\/diario-int-25699-3-360x291.jpg 360w\" sizes=\"(max-width: 680px) 100vw, 680px\" \/>Cris Lima j\u00e1 entra no clima inverno com toda sofistica\u00e7\u00e3o que a esta\u00e7\u00e3o exige<\/p>\n<p style=\"text-align: center;\"><img decoding=\"async\" class=\" size-full wp-image-95182\" src=\"http:\/\/diarioregionaljf.com.br\/wp-content\/uploads\/2018\/04\/diario-int-25699-4.jpg\" alt=\"fotobb.jpg\" width=\"680\" style=\"display: block; margin-left: auto; margin-right: auto;\" srcset=\"https:\/\/diarioregionaldigital.com.br\/wp-content\/uploads\/2018\/04\/diario-int-25699-4.jpg 680w, https:\/\/diarioregionaldigital.com.br\/wp-content\/uploads\/2018\/04\/diario-int-25699-4-266x300.jpg 266w, https:\/\/diarioregionaldigital.com.br\/wp-content\/uploads\/2018\/04\/diario-int-25699-4-360x407.jpg 360w\" sizes=\"(max-width: 680px) 100vw, 680px\" \/>O estudante Tony Oliveira posa de modelo nas Minas Gerais<\/p>\n<p style=\"text-align: center;\"><img decoding=\"async\" class=\" size-full wp-image-95183\" src=\"http:\/\/diarioregionaljf.com.br\/wp-content\/uploads\/2018\/04\/diario-int-25699-5.jpg\" alt=\"fotoc.jpg\" width=\"680\" style=\"display: block; margin-left: auto; margin-right: auto;\" srcset=\"https:\/\/diarioregionaldigital.com.br\/wp-content\/uploads\/2018\/04\/diario-int-25699-5.jpg 680w, https:\/\/diarioregionaldigital.com.br\/wp-content\/uploads\/2018\/04\/diario-int-25699-5-300x199.jpg 300w, https:\/\/diarioregionaldigital.com.br\/wp-content\/uploads\/2018\/04\/diario-int-25699-5-360x238.jpg 360w\" sizes=\"(max-width: 680px) 100vw, 680px\" \/>Gente Vip de Juiz de Fora em temporada de inverno, na \u00c1ustria, Isabella, Bernardo e Guto Andrade, Ros\u00e1lia Martelli, Eduarda Andrade e Toninho Aleixo<\/p>\n<p style=\"text-align: center;\"><img decoding=\"async\" class=\" size-full wp-image-95184\" src=\"http:\/\/diarioregionaljf.com.br\/wp-content\/uploads\/2018\/04\/diario-int-25699-6.jpg\" alt=\"fotocc.jpg\" width=\"680\" style=\"display: block; margin-left: auto; margin-right: auto;\" srcset=\"https:\/\/diarioregionaldigital.com.br\/wp-content\/uploads\/2018\/04\/diario-int-25699-6.jpg 680w, https:\/\/diarioregionaldigital.com.br\/wp-content\/uploads\/2018\/04\/diario-int-25699-6-300x243.jpg 300w, https:\/\/diarioregionaldigital.com.br\/wp-content\/uploads\/2018\/04\/diario-int-25699-6-360x291.jpg 360w\" sizes=\"(max-width: 680px) 100vw, 680px\" \/>Comemorando o estrondoso sucesso da Festa Eurphorika no Via Brasil o anfitri\u00e3o Hudson Lagrotta<\/p>\n<p style=\"text-align: center;\"><img decoding=\"async\" class=\" size-full wp-image-95185\" src=\"http:\/\/diarioregionaljf.com.br\/wp-content\/uploads\/2018\/04\/diario-int-25699-7.jpg\" alt=\"fotod.jpg\" width=\"680\" style=\"display: block; margin-left: auto; margin-right: auto;\" srcset=\"https:\/\/diarioregionaldigital.com.br\/wp-content\/uploads\/2018\/04\/diario-int-25699-7.jpg 680w, https:\/\/diarioregionaldigital.com.br\/wp-content\/uploads\/2018\/04\/diario-int-25699-7-300x198.jpg 300w, https:\/\/diarioregionaldigital.com.br\/wp-content\/uploads\/2018\/04\/diario-int-25699-7-360x238.jpg 360w\" sizes=\"(max-width: 680px) 100vw, 680px\" \/>Comemorando os 20 anos do Centro de Futebol Zico de Juiz de Fora, o diretor local L\u00e9o Beire e o ex-jogador do Flamengo Zico<\/p>\n<p style=\"text-align: center;\"><img decoding=\"async\" class=\" size-full wp-image-95186\" src=\"http:\/\/diarioregionaljf.com.br\/wp-content\/uploads\/2018\/04\/diario-int-25699-8.jpg\" alt=\"fotof.jpg\" width=\"680\" style=\"display: block; margin-left: auto; margin-right: auto;\" srcset=\"https:\/\/diarioregionaldigital.com.br\/wp-content\/uploads\/2018\/04\/diario-int-25699-8.jpg 680w, https:\/\/diarioregionaldigital.com.br\/wp-content\/uploads\/2018\/04\/diario-int-25699-8-300x199.jpg 300w, https:\/\/diarioregionaldigital.com.br\/wp-content\/uploads\/2018\/04\/diario-int-25699-8-360x238.jpg 360w\" sizes=\"(max-width: 680px) 100vw, 680px\" \/>O arquiteto Lucas Lorhan na feira Revestir, em S\u00e3o Paulo<\/p>\n<p style=\"text-align: center;\"><img decoding=\"async\" class=\" size-full wp-image-95187\" src=\"http:\/\/diarioregionaljf.com.br\/wp-content\/uploads\/2018\/04\/diario-int-25699-9.jpg\" alt=\"fotog.jpg\" width=\"680\" style=\"display: block; margin-left: auto; margin-right: auto;\" srcset=\"https:\/\/diarioregionaldigital.com.br\/wp-content\/uploads\/2018\/04\/diario-int-25699-9.jpg 680w, https:\/\/diarioregionaldigital.com.br\/wp-content\/uploads\/2018\/04\/diario-int-25699-9-300x199.jpg 300w, https:\/\/diarioregionaldigital.com.br\/wp-content\/uploads\/2018\/04\/diario-int-25699-9-360x238.jpg 360w\" sizes=\"(max-width: 680px) 100vw, 680px\" \/>Fazendo social, os fot\u00f3grafos R\u00fabia Tolentino, Alu\u00edzio Barbosa e Roberta Guerra<\/p>\n<p style=\"text-align: center;\"><img decoding=\"async\" class=\" size-full wp-image-95188\" src=\"http:\/\/diarioregionaljf.com.br\/wp-content\/uploads\/2018\/04\/diario-int-25699-10.jpg\" alt=\"fotoh.jpg\" width=\"680\" style=\"display: block; margin-left: auto; margin-right: auto;\" srcset=\"https:\/\/diarioregionaldigital.com.br\/wp-content\/uploads\/2018\/04\/diario-int-25699-10.jpg 680w, https:\/\/diarioregionaldigital.com.br\/wp-content\/uploads\/2018\/04\/diario-int-25699-10-300x198.jpg 300w, https:\/\/diarioregionaldigital.com.br\/wp-content\/uploads\/2018\/04\/diario-int-25699-10-360x238.jpg 360w\" sizes=\"(max-width: 680px) 100vw, 680px\" \/>Marcando presen\u00e7a em noite m\u00e1gica no Rocket Pub, o bonito Pedro Henrique Santiago Lima<\/p>\n<p class=\"h4\" style=\"text-align: center;\">FOTOSS\u00cdNTESE<\/p>\n<p>Amigos e leitores desta coluna est\u00e3o em ritmo de viagem esta semana: Dani Verpel e o filho Breno est\u00e3o seguindo para Aracaju e Marcio Marques para Niter\u00f3i.<\/p>\n<p>O m\u00e9dico Aloysio Fellet com Regina e a neta Louise voaram para Buenos Aires a convite do Panlar-Congresso Panamericano de Reumatologia e participam do simp\u00f3sio internacional sobre tratamento atual da Artrite Reumat\u00f3ide.<\/p>\n<p>Atra\u00e7\u00e3o especial nesta 5\u00aa feira, 5, o m\u00fasico Derico faz show no Spazio Design.<\/p>\n<p>No s\u00e1bado, 7, vai ter o anivers\u00e1rio do Samba na Laje com Grupo Segredo e Bruno Bys. Ser\u00e1 \u00e0s 19h, no Bar da Laje em Santa Luzia.<\/p>\n<p>Merece destaque em Juiz de Fora a a\u00e7\u00e3o Justi\u00e7a Restaurativa que \u00e9 utilizada no combate \u00e0 viol\u00eancia dom\u00e9stica. Todas as quarta-feiras, mulheres alvo da viol\u00eancia se re\u00fanem na Casa da Mulher. O objetivo \u00e9 mostrar que elas n\u00e3o est\u00e3o sozinhas.<\/p>\n<p>A ex-aluna da Universo Raphaela Reis Concei\u00e7\u00e3o e Silva, do Curso de Administra\u00e7\u00e3o, defendeu doutorado na Universidade Federal de Santa Catarina e teve aprova\u00e7\u00e3o.<\/p>\n<p>Em ritmo sonoro, Denis Campos est\u00e1 gravando Saxtenor, no GHS Studio Produ\u00e7\u00f5es, by Guilherme Henrique.<\/p>\n<p>Juiz de Fora recebeu a oitava edi\u00e7\u00e3o do Encontro de Mulheres da Uni\u00e3o Nacional dos Estudantes (8\u00ba EME\/UNE), que foi realizado com sucesso na UFJF.<\/p>\n<p>Aten\u00e7\u00e3o: A caravana por onde Lula passou trouxe lucro para o com\u00e9rcio. Em Curitiba (PR), foram dezenas de caixas de ovos. No Cear\u00e1 foram caminh\u00f5es de coco e em Porto Alegre caixas de tomates bem maduros para recepcion\u00e1-lo. E com tanta gente passando fome, isto segundo minha av\u00f3 \u00e9 tocar o terror.<\/p>\n<p>Revestindo as paredes do Museu de Arte Murilo Mendes (MAMM), a mostra \u201cArte Brasileira: Cole\u00e7\u00e3o Murilo Mendes\u201d, com 50 pe\u00e7as do acervo do poeta. Em cena, obra de Ismael Nery, Candido Portinari, Oswaldo Goeldi e Guignard.<\/p>\n<p>De 6 a 8 de abril o Gran Victory recebe a maior feira de eventos da regi\u00e3o \u00c9 Festa! Em espa\u00e7os decorados, tudo para casamentos, formaturas, 15 anos, festa infantil e eventos em geral.<\/p>\n<p>Juliana e Marcelo Picorelli elogiando o card\u00e1pio servido na sexta-feira santa na Osteria \u2013 Ristorante e Enoteca. Na mesa, arroz de bacalhau, cordeiro de aranda e badejo, acompanhado de tagliatele ao molho de mariscos.<\/p>\n<p>Para insinuar: Chique mesmo \u00e9 ser discreto, n\u00e3o fazer perguntas ou insinua\u00e7\u00f5es inoportunas, nem procurar saber o que n\u00e3o \u00e9 da sua conta!!! (Gl\u00f3ria Kalil). Bom dia.<\/p>\n","protected":false},"excerpt":{"rendered":"<p>Em CenaConjugando talento e criatividade, o jornalista Ique Landim acaba de ser nomeado o novo assessor de comunica\u00e7\u00e3o da Prefeitura de Chiador. O cargo foi conquistado ap\u00f3s o reconhecimento do excelente trabalho que vem sendo realizado dentro do campo da comunica\u00e7\u00e3o em Juiz de Fora. Palmas para ele. PormenoresEm ritmo de festa, o arquiteto Fabr\u00edcio [&hellip;]<\/p>\n","protected":false},"author":96,"featured_media":95178,"comment_status":"closed","ping_status":"closed","sticky":false,"template":"","format":"standard","meta":{"footnotes":""},"categories":[264],"tags":[],"class_list":["post-95189","post","type-post","status-publish","format-standard","has-post-thumbnail","hentry","category-eduardo-gomes"],"_links":{"self":[{"href":"https:\/\/diarioregionaldigital.com.br\/index.php?rest_route=\/wp\/v2\/posts\/95189","targetHints":{"allow":["GET"]}}],"collection":[{"href":"https:\/\/diarioregionaldigital.com.br\/index.php?rest_route=\/wp\/v2\/posts"}],"about":[{"href":"https:\/\/diarioregionaldigital.com.br\/index.php?rest_route=\/wp\/v2\/types\/post"}],"author":[{"embeddable":true,"href":"https:\/\/diarioregionaldigital.com.br\/index.php?rest_route=\/wp\/v2\/users\/96"}],"replies":[{"embeddable":true,"href":"https:\/\/diarioregionaldigital.com.br\/index.php?rest_route=%2Fwp%2Fv2%2Fcomments&post=95189"}],"version-history":[{"count":0,"href":"https:\/\/diarioregionaldigital.com.br\/index.php?rest_route=\/wp\/v2\/posts\/95189\/revisions"}],"wp:featuredmedia":[{"embeddable":true,"href":"https:\/\/diarioregionaldigital.com.br\/index.php?rest_route=\/wp\/v2\/media\/95178"}],"wp:attachment":[{"href":"https:\/\/diarioregionaldigital.com.br\/index.php?rest_route=%2Fwp%2Fv2%2Fmedia&parent=95189"}],"wp:term":[{"taxonomy":"category","embeddable":true,"href":"https:\/\/diarioregionaldigital.com.br\/index.php?rest_route=%2Fwp%2Fv2%2Fcategories&post=95189"},{"taxonomy":"post_tag","embeddable":true,"href":"https:\/\/diarioregionaldigital.com.br\/index.php?rest_route=%2Fwp%2Fv2%2Ftags&post=95189"}],"curies":[{"name":"wp","href":"https:\/\/api.w.org\/{rel}","templated":true}]}}