{"id":95177,"date":"2018-04-04T22:26:18","date_gmt":"2018-04-05T01:26:18","guid":{"rendered":"http:\/\/diarioregionaljf.com.br\/2018\/04\/04\/petrobras-reduz-o-preco-do-gas-de-cozinha-as-distribuidoras\/"},"modified":"2018-04-04T22:26:18","modified_gmt":"2018-04-05T01:26:18","slug":"petrobras-reduz-o-preco-do-gas-de-cozinha-as-distribuidoras","status":"publish","type":"post","link":"https:\/\/diarioregionaldigital.com.br\/?p=95177","title":{"rendered":"Petrobras reduz o pre\u00e7o do g\u00e1s de cozinha \u00e0s distribuidoras"},"content":{"rendered":"<p>O pre\u00e7o do g\u00e1s de cozinha, o GLP, foi reduzido pela Petrobras \u00e0s distribuidoras. O botij\u00e3o de 13 quilos (kg) foi reajustado para baixo em R$1,03, passando de R$23,16 para R$22,13. A redu\u00e7\u00e3o passa a valer a partir desta quinta-feira, 5, mas n\u00e3o leva em considera\u00e7\u00e3o os tributos e a margem de lucro na comercializa\u00e7\u00e3o do produto.<\/p>\n<p>Em nota, o Sindicato Nacional das Empresas Distribuidoras de G\u00e1s Liquefeito de Petr\u00f3leo (Sindig\u00e1s) informou que as empresas filiadas \u00e0 entidade foram comunicadas nesta quarta-feira, 4, sobre os novos valores para os botij\u00f5es de at\u00e9 13 kg.<\/p>\n<p>\u201cA redu\u00e7\u00e3o oscilar\u00e1 entre 5,1% e 3,7%, de acordo com o polo de suprimento. Pelos c\u00e1lculos do Sindig\u00e1s, o ajuste anunciado deixa o pre\u00e7o praticado pela Petrobras para as embalagens de at\u00e9 13 kg aproximadamente 2,2% acima do pre\u00e7o paridade internacional\u201d, informa o sindicato.<\/p>\n<p>A Petrobras explicou, em sua p\u00e1gina na internet, que o pre\u00e7o de venda \u00e0s distribuidoras n\u00e3o \u00e9 o \u00fanico determinante do pre\u00e7o final ao consumidor. \u201cComo a lei brasileira garante liberdade de pre\u00e7os no mercado de combust\u00edveis e derivados, as revis\u00f5es feitas pela Petrobras podem ou n\u00e3o se refletir no pre\u00e7o final, que incorpora impostos e repasses dos demais agentes do setor de comercializa\u00e7\u00e3o, como distribuidores e revendedores\u201d.<\/p>\n<hr \/>\n<p>&nbsp;Fonte: Ag\u00eancia Brasil<\/p>\n","protected":false},"excerpt":{"rendered":"<p>O pre\u00e7o do g\u00e1s de cozinha, o GLP, foi reduzido pela Petrobras \u00e0s distribuidoras. O botij\u00e3o de 13 quilos (kg) foi reajustado para baixo em R$1,03, passando de R$23,16 para R$22,13. A redu\u00e7\u00e3o passa a valer a partir desta quinta-feira, 5, mas n\u00e3o leva em considera\u00e7\u00e3o os tributos e a margem de lucro na comercializa\u00e7\u00e3o [&hellip;]<\/p>\n","protected":false},"author":96,"featured_media":95176,"comment_status":"closed","ping_status":"closed","sticky":false,"template":"","format":"standard","meta":{"footnotes":""},"categories":[261],"tags":[],"class_list":["post-95177","post","type-post","status-publish","format-standard","has-post-thumbnail","hentry","category-economia"],"_links":{"self":[{"href":"https:\/\/diarioregionaldigital.com.br\/index.php?rest_route=\/wp\/v2\/posts\/95177","targetHints":{"allow":["GET"]}}],"collection":[{"href":"https:\/\/diarioregionaldigital.com.br\/index.php?rest_route=\/wp\/v2\/posts"}],"about":[{"href":"https:\/\/diarioregionaldigital.com.br\/index.php?rest_route=\/wp\/v2\/types\/post"}],"author":[{"embeddable":true,"href":"https:\/\/diarioregionaldigital.com.br\/index.php?rest_route=\/wp\/v2\/users\/96"}],"replies":[{"embeddable":true,"href":"https:\/\/diarioregionaldigital.com.br\/index.php?rest_route=%2Fwp%2Fv2%2Fcomments&post=95177"}],"version-history":[{"count":0,"href":"https:\/\/diarioregionaldigital.com.br\/index.php?rest_route=\/wp\/v2\/posts\/95177\/revisions"}],"wp:featuredmedia":[{"embeddable":true,"href":"https:\/\/diarioregionaldigital.com.br\/index.php?rest_route=\/wp\/v2\/media\/95176"}],"wp:attachment":[{"href":"https:\/\/diarioregionaldigital.com.br\/index.php?rest_route=%2Fwp%2Fv2%2Fmedia&parent=95177"}],"wp:term":[{"taxonomy":"category","embeddable":true,"href":"https:\/\/diarioregionaldigital.com.br\/index.php?rest_route=%2Fwp%2Fv2%2Fcategories&post=95177"},{"taxonomy":"post_tag","embeddable":true,"href":"https:\/\/diarioregionaldigital.com.br\/index.php?rest_route=%2Fwp%2Fv2%2Ftags&post=95177"}],"curies":[{"name":"wp","href":"https:\/\/api.w.org\/{rel}","templated":true}]}}