{"id":95175,"date":"2018-04-04T22:24:52","date_gmt":"2018-04-05T01:24:52","guid":{"rendered":"http:\/\/diarioregionaljf.com.br\/2018\/04\/04\/dolar-fecha-no-maior-valor-em-11-meses-em-dia-de-julgamento-no-supremo\/"},"modified":"2018-04-04T22:24:52","modified_gmt":"2018-04-05T01:24:52","slug":"dolar-fecha-no-maior-valor-em-11-meses-em-dia-de-julgamento-no-supremo","status":"publish","type":"post","link":"https:\/\/diarioregionaldigital.com.br\/?p=95175","title":{"rendered":"D\u00f3lar fecha no maior valor em 11 meses em dia de julgamento no Supremo"},"content":{"rendered":"<p>Em dia marcado por tens\u00f5es no Brasil e no exterior, a moeda norte-americana voltou a subir e fechou no maior valor em 11 meses. O d\u00f3lar comercial encerrou esta quarta-feira, 4, vendido a R$3,341, com pequena alta de R$0,002 (0,08%). A cota\u00e7\u00e3o est\u00e1 no valor mais alto desde 18 de maio do ano passado (R$3,389). A divisa come\u00e7ou o dia em forte alta, mas amenizou a tend\u00eancia no in\u00edcio da tarde. Hoje, 4, o Supremo Tribunal Federal julga o habeas corpus preventivo impetrado pela defesa de Luiz In\u00e1cio Lula da Silva. O ex-presidente \u00e9 condenado em segunda inst\u00e2ncia no processo em que \u00e9 acusado de receber um apartamento triplex da empreiteira OAS.<\/p>\n<p>Na Bolsa de Valores, o dia foi de cautela. O \u00edndice Ibovespa, da Bolsa de Valores de S\u00e3o Paulo, encerrou a sess\u00e3o com queda de 0,31%, aos 84.360 pontos. Em baixa pela terceira sess\u00e3o seguida, o indicador come\u00e7ou o dia com forte recuo, mas oscilou bastante ao longo das negocia\u00e7\u00f5es at\u00e9 reduzir o ritmo de queda.<\/p>\n<p>Al\u00e9m das tens\u00f5es com o julgamento do ex-presidente, o mercado financeiro foi influenciado pela escalada de medidas comerciais entre Estados Unidos e China, as duas maiores economias do mundo. Hoje, o pa\u00eds asi\u00e1tico retaliou o governo norte-americano com a sobretaxa\u00e7\u00e3o de ve\u00edculos e de soja, que atingir\u00e3o US$50 bilh\u00f5es e corresponder\u00e3o \u00e0 tarifa\u00e7\u00e3o adicional anunciada ontem, 3, pelo presidente Donald Trump sobre uma s\u00e9rie de bens chineses.<\/p>\n<hr \/>\n<p>&nbsp;Fonte: Ag\u00eancia Brasil<\/p>\n","protected":false},"excerpt":{"rendered":"<p>Em dia marcado por tens\u00f5es no Brasil e no exterior, a moeda norte-americana voltou a subir e fechou no maior valor em 11 meses. O d\u00f3lar comercial encerrou esta quarta-feira, 4, vendido a R$3,341, com pequena alta de R$0,002 (0,08%). A cota\u00e7\u00e3o est\u00e1 no valor mais alto desde 18 de maio do ano passado (R$3,389). [&hellip;]<\/p>\n","protected":false},"author":96,"featured_media":95174,"comment_status":"closed","ping_status":"closed","sticky":false,"template":"","format":"standard","meta":{"footnotes":""},"categories":[261],"tags":[],"class_list":["post-95175","post","type-post","status-publish","format-standard","has-post-thumbnail","hentry","category-economia"],"_links":{"self":[{"href":"https:\/\/diarioregionaldigital.com.br\/index.php?rest_route=\/wp\/v2\/posts\/95175","targetHints":{"allow":["GET"]}}],"collection":[{"href":"https:\/\/diarioregionaldigital.com.br\/index.php?rest_route=\/wp\/v2\/posts"}],"about":[{"href":"https:\/\/diarioregionaldigital.com.br\/index.php?rest_route=\/wp\/v2\/types\/post"}],"author":[{"embeddable":true,"href":"https:\/\/diarioregionaldigital.com.br\/index.php?rest_route=\/wp\/v2\/users\/96"}],"replies":[{"embeddable":true,"href":"https:\/\/diarioregionaldigital.com.br\/index.php?rest_route=%2Fwp%2Fv2%2Fcomments&post=95175"}],"version-history":[{"count":0,"href":"https:\/\/diarioregionaldigital.com.br\/index.php?rest_route=\/wp\/v2\/posts\/95175\/revisions"}],"wp:featuredmedia":[{"embeddable":true,"href":"https:\/\/diarioregionaldigital.com.br\/index.php?rest_route=\/wp\/v2\/media\/95174"}],"wp:attachment":[{"href":"https:\/\/diarioregionaldigital.com.br\/index.php?rest_route=%2Fwp%2Fv2%2Fmedia&parent=95175"}],"wp:term":[{"taxonomy":"category","embeddable":true,"href":"https:\/\/diarioregionaldigital.com.br\/index.php?rest_route=%2Fwp%2Fv2%2Fcategories&post=95175"},{"taxonomy":"post_tag","embeddable":true,"href":"https:\/\/diarioregionaldigital.com.br\/index.php?rest_route=%2Fwp%2Fv2%2Ftags&post=95175"}],"curies":[{"name":"wp","href":"https:\/\/api.w.org\/{rel}","templated":true}]}}