{"id":95167,"date":"2018-04-04T21:56:28","date_gmt":"2018-04-05T00:56:28","guid":{"rendered":"http:\/\/diarioregionaljf.com.br\/2018\/04\/04\/mais-de-30-pessoas-foram-multadas-durante-operacao-da-pc-nas-divisas-com-o-rio-de-janeiro\/"},"modified":"2018-04-04T21:56:28","modified_gmt":"2018-04-05T00:56:28","slug":"mais-de-30-pessoas-foram-multadas-durante-operacao-da-pc-nas-divisas-com-o-rio-de-janeiro","status":"publish","type":"post","link":"https:\/\/diarioregionaldigital.com.br\/?p=95167","title":{"rendered":"Mais de 30 pessoas foram multadas durante opera\u00e7\u00e3o da PC nas divisas com o Rio de Janeiro"},"content":{"rendered":"<p>Quatrocentos e quarenta e um ve\u00edculos foram fiscalizados pela Pol\u00edcia Civil (PC), durante a opera\u00e7\u00e3o \u201cDivisa Segura\u201d, que integrou a opera\u00e7\u00e3o \u201cFronteira + Segura\u201d, deflagrada por v\u00e1rios \u00f3rg\u00e3os da seguran\u00e7a p\u00fablica estadual, nessa quarta-feira, 4, nas 22 cidades mineiras que fazem divisa com o estado do Rio de Janeiro. Conforme o levantamento da PC, 543 pessoas foram abordadas, resultando em 35 autos de infra\u00e7\u00e3o e na apreens\u00e3o de tr\u00eas autom\u00f3veis. Ainda, um Termo Circunstanciado Administrativo (TCA) foi registrado nas proximidades da Pra\u00e7a de Ped\u00e1gio de Sim\u00e3o Pereira.<\/p>\n<p>Oitenta policiais civis, 30 viaturas, dois drones e um helic\u00f3ptero foram utilizados durante a a\u00e7\u00e3o. \u201cA nossa avalia\u00e7\u00e3o \u00e9 muito boa. Durante as abordagens, verificamos se os indiv\u00edduos tinham algum mandado de pris\u00e3o ou possu\u00edam tornozeleiras eletr\u00f4nicas que impediam o seu deslocamento para nossa regi\u00e3o. N\u00e3o apreendemos quantidades de armas e drogas, isso \u00e9 sinal de que os criminosos do estado do Rio n\u00e3o est\u00e3o se dirigindo para nossa localidade\u201d, afirmou o chefe do 4\u00ba Departamento da PC, Carlos Roberto da Silveira Costa.<\/p>\n","protected":false},"excerpt":{"rendered":"<p>Quatrocentos e quarenta e um ve\u00edculos foram fiscalizados pela Pol\u00edcia Civil (PC), durante a opera\u00e7\u00e3o \u201cDivisa Segura\u201d, que integrou a opera\u00e7\u00e3o \u201cFronteira + Segura\u201d, deflagrada por v\u00e1rios \u00f3rg\u00e3os da seguran\u00e7a p\u00fablica estadual, nessa quarta-feira, 4, nas 22 cidades mineiras que fazem divisa com o estado do Rio de Janeiro. Conforme o levantamento da PC, 543 [&hellip;]<\/p>\n","protected":false},"author":96,"featured_media":95166,"comment_status":"closed","ping_status":"closed","sticky":false,"template":"","format":"standard","meta":{"footnotes":""},"categories":[253],"tags":[],"class_list":["post-95167","post","type-post","status-publish","format-standard","has-post-thumbnail","hentry","category-cidade"],"_links":{"self":[{"href":"https:\/\/diarioregionaldigital.com.br\/index.php?rest_route=\/wp\/v2\/posts\/95167","targetHints":{"allow":["GET"]}}],"collection":[{"href":"https:\/\/diarioregionaldigital.com.br\/index.php?rest_route=\/wp\/v2\/posts"}],"about":[{"href":"https:\/\/diarioregionaldigital.com.br\/index.php?rest_route=\/wp\/v2\/types\/post"}],"author":[{"embeddable":true,"href":"https:\/\/diarioregionaldigital.com.br\/index.php?rest_route=\/wp\/v2\/users\/96"}],"replies":[{"embeddable":true,"href":"https:\/\/diarioregionaldigital.com.br\/index.php?rest_route=%2Fwp%2Fv2%2Fcomments&post=95167"}],"version-history":[{"count":0,"href":"https:\/\/diarioregionaldigital.com.br\/index.php?rest_route=\/wp\/v2\/posts\/95167\/revisions"}],"wp:featuredmedia":[{"embeddable":true,"href":"https:\/\/diarioregionaldigital.com.br\/index.php?rest_route=\/wp\/v2\/media\/95166"}],"wp:attachment":[{"href":"https:\/\/diarioregionaldigital.com.br\/index.php?rest_route=%2Fwp%2Fv2%2Fmedia&parent=95167"}],"wp:term":[{"taxonomy":"category","embeddable":true,"href":"https:\/\/diarioregionaldigital.com.br\/index.php?rest_route=%2Fwp%2Fv2%2Fcategories&post=95167"},{"taxonomy":"post_tag","embeddable":true,"href":"https:\/\/diarioregionaldigital.com.br\/index.php?rest_route=%2Fwp%2Fv2%2Ftags&post=95167"}],"curies":[{"name":"wp","href":"https:\/\/api.w.org\/{rel}","templated":true}]}}