{"id":95165,"date":"2018-04-04T21:53:43","date_gmt":"2018-04-05T00:53:43","guid":{"rendered":"http:\/\/diarioregionaljf.com.br\/2018\/04\/04\/infraestrutura-precaria-da-cozinha-de-escola-estadual-preocupa-pais-dos-alunos\/"},"modified":"2018-04-04T21:53:43","modified_gmt":"2018-04-05T00:53:43","slug":"infraestrutura-precaria-da-cozinha-de-escola-estadual-preocupa-pais-dos-alunos","status":"publish","type":"post","link":"https:\/\/diarioregionaldigital.com.br\/?p=95165","title":{"rendered":"Infraestrutura prec\u00e1ria da cozinha de escola estadual preocupa pais dos alunos"},"content":{"rendered":"<p>Infiltra\u00e7\u00f5es, gotejamentos, mofo e rachaduras no teto. Azulejos soltos, portas e outros equipamentos com ferrugem. Esses s\u00e3o alguns dos transtornos relatados por pais de alunos e que, possivelmente, levaram a dire\u00e7\u00e3o da Escola Estadual Almirante Barroso, localizada no bairro Benfica, zona Norte, a interditar a cozinha do local para reformas. O grande problema \u00e9 que a obra nem saiu do papel, uma vez que aguarda recursos estaduais para a execu\u00e7\u00e3o.<\/p>\n<p>Por meio de nota, a Secretaria de Estado de Educa\u00e7\u00e3o (SEE) informou que a obra, licitada no valor de R$37.886,24, j\u00e1 consta no cronograma do governo, mas que aguarda a libera\u00e7\u00e3o dos recursos, \u201cdentro da disponibilidade financeira do Estado\u201d, para programar o in\u00edcio das interven\u00e7\u00f5es no local o mais breve poss\u00edvel.<\/p>\n<p>Essa imprevisibilidade \u00e9 o que preocupa os pais dos estudantes da escola. \u201cA cozinha est\u00e1 nessa situa\u00e7\u00e3o h\u00e1 muito tempo. Para que os estudantes n\u00e3o ficassem sem merenda, improvisaram um espa\u00e7o, mas que n\u00e3o era adequado para atender os alunos. Tinha esgoto a c\u00e9u aberto que vazava e exalava mau cheiro, o risco de doen\u00e7as era muito grande\u201d, contou a m\u00e3e de um estudante, que preferiu n\u00e3o se identificar.<\/p>\n<p>Segundo ela, ap\u00f3s den\u00fancias de pais que foram enviadas \u00e0 Vigil\u00e2ncia Sanit\u00e1ria, o espa\u00e7o provis\u00f3rio teria sido interditado, impossibilitando que a escola oferecesse merenda aos alunos. \u201cDesde a segunda que meu filho tem sido dispensado antes do hor\u00e1rio final das aulas. \u00c9 um absurdo. \u00c9 uma escola enorme, que comporta cerca de 1000 estudantes, que est\u00e3o sendo prejudicados porque o governo n\u00e3o envia a verba para reforma da cozinha. Essas crian\u00e7as v\u00e3o ficar saindo cedo e sem merenda at\u00e9 que dia?\u201d, questionou a m\u00e3e. \u201c\u00c9 a prova da tal inefici\u00eancia do estado. Meu filho recebe boa alimenta\u00e7\u00e3o em casa, mas e aqueles que a refei\u00e7\u00e3o que a escola oferece \u00e9 a \u00fanica que ele tem para comer? Como ir\u00e3o ficar?\u201d, acrescentou.<\/p>\n<p>Ainda conforme a nota, a SEE afirmou que uma equipe da Superintend\u00eancia Regional de Ensino (SRE) de Juiz de Fora, respons\u00e1vel pela coordena\u00e7\u00e3o da Escola Estadual Almirante Barroso, esteve na unidade na segunda-feira, 2, e orientou a dire\u00e7\u00e3o a adaptar outro espa\u00e7o para ser usado temporariamente como cantina, at\u00e9 que a reforma seja conclu\u00edda, e para que os estudantes n\u00e3o fiquem sem a merenda adequada. Com isso, a previs\u00e3o \u00e9 de que at\u00e9 a pr\u00f3xima semana os estudantes voltem a ter carga hor\u00e1ria de aulas completa.<\/p>\n","protected":false},"excerpt":{"rendered":"<p>Infiltra\u00e7\u00f5es, gotejamentos, mofo e rachaduras no teto. Azulejos soltos, portas e outros equipamentos com ferrugem. Esses s\u00e3o alguns dos transtornos relatados por pais de alunos e que, possivelmente, levaram a dire\u00e7\u00e3o da Escola Estadual Almirante Barroso, localizada no bairro Benfica, zona Norte, a interditar a cozinha do local para reformas. O grande problema \u00e9 que [&hellip;]<\/p>\n","protected":false},"author":96,"featured_media":0,"comment_status":"closed","ping_status":"closed","sticky":false,"template":"","format":"standard","meta":{"footnotes":""},"categories":[253],"tags":[],"class_list":["post-95165","post","type-post","status-publish","format-standard","hentry","category-cidade"],"_links":{"self":[{"href":"https:\/\/diarioregionaldigital.com.br\/index.php?rest_route=\/wp\/v2\/posts\/95165","targetHints":{"allow":["GET"]}}],"collection":[{"href":"https:\/\/diarioregionaldigital.com.br\/index.php?rest_route=\/wp\/v2\/posts"}],"about":[{"href":"https:\/\/diarioregionaldigital.com.br\/index.php?rest_route=\/wp\/v2\/types\/post"}],"author":[{"embeddable":true,"href":"https:\/\/diarioregionaldigital.com.br\/index.php?rest_route=\/wp\/v2\/users\/96"}],"replies":[{"embeddable":true,"href":"https:\/\/diarioregionaldigital.com.br\/index.php?rest_route=%2Fwp%2Fv2%2Fcomments&post=95165"}],"version-history":[{"count":0,"href":"https:\/\/diarioregionaldigital.com.br\/index.php?rest_route=\/wp\/v2\/posts\/95165\/revisions"}],"wp:attachment":[{"href":"https:\/\/diarioregionaldigital.com.br\/index.php?rest_route=%2Fwp%2Fv2%2Fmedia&parent=95165"}],"wp:term":[{"taxonomy":"category","embeddable":true,"href":"https:\/\/diarioregionaldigital.com.br\/index.php?rest_route=%2Fwp%2Fv2%2Fcategories&post=95165"},{"taxonomy":"post_tag","embeddable":true,"href":"https:\/\/diarioregionaldigital.com.br\/index.php?rest_route=%2Fwp%2Fv2%2Ftags&post=95165"}],"curies":[{"name":"wp","href":"https:\/\/api.w.org\/{rel}","templated":true}]}}