{"id":95164,"date":"2018-04-04T21:44:23","date_gmt":"2018-04-05T00:44:23","guid":{"rendered":"http:\/\/diarioregionaljf.com.br\/2018\/04\/04\/festival-filmes-da-estacao-vai-exibir-31-curtas-metragens-brasileiros\/"},"modified":"2018-04-04T21:44:23","modified_gmt":"2018-04-05T00:44:23","slug":"festival-filmes-da-estacao-vai-exibir-31-curtas-metragens-brasileiros","status":"publish","type":"post","link":"https:\/\/diarioregionaldigital.com.br\/?p=95164","title":{"rendered":"\u201cFestival Filmes da Esta\u00e7\u00e3o\u201d vai exibir 31 curtas-metragens brasileiros"},"content":{"rendered":"<p>Trinta e um curtas-metragens de 13 estados brasileiros, sendo cinco de Juiz de Fora, foram selecionados para a segunda edi\u00e7\u00e3o do \u201cFestival Filmes da Esta\u00e7\u00e3o\u201d. Financiado pela Lei Murilo Mendes de Incentivo \u00e0 Cultura, da Prefeitura de Juiz de Fora\/Funalfa, o evento ser\u00e1 realizado no per\u00edodo de 4 a 6 de maio, no Museu Ferrovi\u00e1rio (Av. Brasil, n\u00ba 2001 &#8211; Centro), com entrada franca. Neste edi\u00e7\u00e3o, foram inscritos 450 filmes com dura\u00e7\u00e3o m\u00e1xima de 20 minutos realizados em todo o Brasil.&nbsp;<\/p>\n<p>Os jornalistas e produtores culturais David Azevedo e Rodrigo Souza, respons\u00e1veis pela promo\u00e7\u00e3o e curadoria do festival, destacam a presen\u00e7a marcante de produ\u00e7\u00f5es dirigidas ou codirigidas por mulheres, sendo maioria na mostra competitiva, compondo metade da programa\u00e7\u00e3o geral do festival. \u201cAs tem\u00e1ticas abordadas nos surpreenderam. Muitos realizadores discutem quest\u00f5es de direitos humanos, diversidade&#8230; \u00c9 sempre importante levantar essas quest\u00f5es e gerar um di\u00e1logo entre as obras e p\u00fablico. No final, havia 60 filmes que gostar\u00edamos de exibir, mas n\u00e3o daria para apresentar todos. Acredito que a sele\u00e7\u00e3o final ficou bem diversificada e apresentar\u00e1 um panorama bem aberto da nossa produ\u00e7\u00e3o atual,\u201d conta David.<\/p>\n<p>O \u201cFestival Filmes da Esta\u00e7\u00e3o\u201d tem o objetivo de dar visibilidade \u00e0s produ\u00e7\u00f5es contempor\u00e2neas de curta-metragem no pa\u00eds. A ideia surgiu da percep\u00e7\u00e3o da car\u00eancia de espa\u00e7o para este estilo de filme nas salas comerciais de exibi\u00e7\u00e3o. O evento ainda tem a fun\u00e7\u00e3o de incentivar a forma\u00e7\u00e3o de p\u00fablico. A primeira edi\u00e7\u00e3o do \u201cFilmes da Esta\u00e7\u00e3o\u201d aconteceu em 2015, tamb\u00e9m com financiamento da Lei Murilo Mendes.<\/p>\n<p>Os filmes selecionados ser\u00e3o exibidos em tr\u00eas categorias: a Mostra Esta\u00e7\u00e3o, de car\u00e1ter competitivo, na qual 22 curtas concorrem aos pr\u00eamios de Melhor Filme, Melhor Dire\u00e7\u00e3o, Pr\u00eamio Especial, concedidos pelo J\u00fari, al\u00e9m do pr\u00eamio de Melhor Filme, concedido pelo J\u00fari Popular. A Mostra Trenzinho re\u00fane cinco produ\u00e7\u00f5es voltadas para o p\u00fablico infantil. J\u00e1 a Mostra Extra ter\u00e1 cinco filmes que dialogam com o g\u00eanero terror.<\/p>\n<h4>FILMES SELECIONADOS PARA O \u201cFESTIVAL FILMES DA ESTA\u00c7\u00c3O\u201d<\/h4>\n<p>&nbsp;<\/p>\n<p><strong>Mostra Esta\u00e7\u00e3o<\/strong><br \/>\u201cA Fita\u201d, de Thaiz Ara\u00fajo e Lucian Fernandes (Juiz de Fora|MG)<br \/>\u201cCasca de Baob\u00e1\u201d, de Mariana Luiza (RJ)<br \/>\u201cCuscuz Peitinho\u201d, de Rodrigo Sena e Julio Castro (RN)<br \/>\u201cDentadura Posti\u00e7a\u201d, de Daniel Mad\u00e3o e Thiago Lopes (Juiz de Fora|MG)<br \/>\u201cFarol Invis\u00edvel\u201d, de Bruna Callegari (SP)<br \/>\u201cFervendo\u201d, de Camila Greg\u00f3rio (BA)<br \/>\u201cFil\u00e9\u201d, de Nat\u00e1lia Reis (Juiz de Fora|MG)<br \/>\u201cFilhos da Lua na Terra do Sol\u201d, de Danielle Bertolini (MT)<br \/>\u201cGene\u201d, de Isaac Donato (BA)<br \/>\u201cHIC\u201d, de Alexander S. Buck (ES)<br \/>\u201cIluminadas\u201d, de Gabi Saegesser (PE)<br \/>\u201cJana\u00edna Overdrive\u201d, de Mozart Freire (CE)<br \/>\u201cMenina Seta\u201d, de Camila Tarifa (SP)<br \/>\u201cNamoro a dist\u00e2ncia\u201d, de Carolina Markowicz (SP)<br \/>\u201cO Lamento da Serpente\u201d, de Guilherme Dacosta (MG)<br \/>\u201cO Quebra-cabe\u00e7a de Sara\u201d, de Allan Ribeiro (RJ)<br \/>\u201cPele de Monstro\u201d, de Barbara Maria (Juiz de Fora|MG)<br \/>\u201cPeripat\u00e9tico\u201d, de Jessica Queiroz (SP)<br \/>\u201cReal Conquista\u201d, de Fabiana Assis e Laura Hasse (GO)<br \/>\u201cSolon\u201d, de Clarissa Campolina (MG)<br \/>\u201cSuperpina\u201d, de Jean Santos (PE)<br \/>\u201cUniverso Preto Paralelo\u201d, de Rubens Passaro (SP)<\/p>\n<p><strong>Mostra Extra<\/strong><br \/>\u201cCasulos\u201d, de Joel Caetano (SP)<br \/>\u201cCom Amor&#8230;\u201d, de Luciano de Azevedo (Juiz de Fora|MG)<br \/>\u201cQuarto para Alugar\u201d, de Enock Carvalho e Matheus Farias (PE)<br \/>\u201cSinistro\u201d, de Mariani Ohno (SP)<br \/>\u201cVoc\u00ea \u00e9 Diferente\u201d, de George Pedrosa (MA)<\/p>\n<p><strong>Mostra Trenzinho<\/strong><br \/>\u201cA Formid\u00e1vel Fabriqueta de Sonhos Menina Betina\u201d, de Tiago Ribeiro (RS)<br \/>\u201cAs aventuras de Chau\u00e1\u201d, dos Alunos da Escola Municipal Santo Ant\u00f4nio do Norte (ES)<br \/>\u201c\u00d3rion\u201d, de Rodriane DL (PR)<br \/>\u201cOs segredos do Rio Grande\u201d, dos alunos da Escola Municipal Sebasti\u00e3o Vicente Ferreira e Escola Municipal \u00c1lvaro Botelho (MG\/ES)<\/p>\n<p>Fonte: Assessoria<\/p>\n","protected":false},"excerpt":{"rendered":"<p>Trinta e um curtas-metragens de 13 estados brasileiros, sendo cinco de Juiz de Fora, foram selecionados para a segunda edi\u00e7\u00e3o do \u201cFestival Filmes da Esta\u00e7\u00e3o\u201d. Financiado pela Lei Murilo Mendes de Incentivo \u00e0 Cultura, da Prefeitura de Juiz de Fora\/Funalfa, o evento ser\u00e1 realizado no per\u00edodo de 4 a 6 de maio, no Museu Ferrovi\u00e1rio [&hellip;]<\/p>\n","protected":false},"author":96,"featured_media":95163,"comment_status":"closed","ping_status":"closed","sticky":false,"template":"","format":"standard","meta":{"footnotes":""},"categories":[256],"tags":[],"class_list":["post-95164","post","type-post","status-publish","format-standard","has-post-thumbnail","hentry","category-cultura"],"_links":{"self":[{"href":"https:\/\/diarioregionaldigital.com.br\/index.php?rest_route=\/wp\/v2\/posts\/95164","targetHints":{"allow":["GET"]}}],"collection":[{"href":"https:\/\/diarioregionaldigital.com.br\/index.php?rest_route=\/wp\/v2\/posts"}],"about":[{"href":"https:\/\/diarioregionaldigital.com.br\/index.php?rest_route=\/wp\/v2\/types\/post"}],"author":[{"embeddable":true,"href":"https:\/\/diarioregionaldigital.com.br\/index.php?rest_route=\/wp\/v2\/users\/96"}],"replies":[{"embeddable":true,"href":"https:\/\/diarioregionaldigital.com.br\/index.php?rest_route=%2Fwp%2Fv2%2Fcomments&post=95164"}],"version-history":[{"count":0,"href":"https:\/\/diarioregionaldigital.com.br\/index.php?rest_route=\/wp\/v2\/posts\/95164\/revisions"}],"wp:featuredmedia":[{"embeddable":true,"href":"https:\/\/diarioregionaldigital.com.br\/index.php?rest_route=\/wp\/v2\/media\/95163"}],"wp:attachment":[{"href":"https:\/\/diarioregionaldigital.com.br\/index.php?rest_route=%2Fwp%2Fv2%2Fmedia&parent=95164"}],"wp:term":[{"taxonomy":"category","embeddable":true,"href":"https:\/\/diarioregionaldigital.com.br\/index.php?rest_route=%2Fwp%2Fv2%2Fcategories&post=95164"},{"taxonomy":"post_tag","embeddable":true,"href":"https:\/\/diarioregionaldigital.com.br\/index.php?rest_route=%2Fwp%2Fv2%2Ftags&post=95164"}],"curies":[{"name":"wp","href":"https:\/\/api.w.org\/{rel}","templated":true}]}}