{"id":95162,"date":"2018-04-04T21:17:09","date_gmt":"2018-04-05T00:17:09","guid":{"rendered":"http:\/\/diarioregionaljf.com.br\/2018\/04\/04\/pjf-entrega-reforma-da-ubs-de-furtado-de-menezes\/"},"modified":"2018-04-04T21:17:09","modified_gmt":"2018-04-05T00:17:09","slug":"pjf-entrega-reforma-da-ubs-de-furtado-de-menezes","status":"publish","type":"post","link":"https:\/\/diarioregionaldigital.com.br\/?p=95162","title":{"rendered":"PJF entrega reforma da UBS de Furtado de Menezes"},"content":{"rendered":"<p>A Prefeitura de Juiz de Fora, atrav\u00e9s da Secretaria de Sa\u00fade, inaugurou, nessa quarta-feira, 4, as obras de revitaliza\u00e7\u00e3o, reforma e amplia\u00e7\u00e3o da Unidade B\u00e1sica de Sa\u00fade (UBS) do bairro Furtado de Menezes. Estiveram presentes o prefeito Bruno Siqueira, o vice Ant\u00f4nio Almas, servidores da PJF, l\u00edderes comunit\u00e1rios, o vereador Marlon Siqueira, representando a C\u00e2mara Municipal, e o Padre Zacaron, representando a Arquidiocese de Juiz de Fora. O espa\u00e7o foi ampliado, ganhando 270 metros quadrados de \u00e1rea constru\u00edda, 16 consult\u00f3rios, o dobro do que comportava a unidade anteriormente, e melhorar\u00e1 o atendimento a cerca de dez mil usu\u00e1rios referenciados na unidade. A reforma era esperada pela comunidade h\u00e1 40 anos, e agora ser\u00e1 uma das maiores de toda a rede, com mais de 900 metros quadrados de \u00e1rea.<\/p>\n<p>A reforma \u00e9 parte do programa \u201cRequalifica SUS\u201d (Sistema \u00danico de Sa\u00fade) e tem como objetivo dar mais conforto e acessibilidade, tanto para usu\u00e1rios quanto aos trabalhadores dessas unidades. O prefeito destacou a supera\u00e7\u00e3o para entregas de obras como a da unidade. \u201cDurante toda a caminhada para conclus\u00e3o das obras dessa importante unidade, enfrentamos dificuldades e desafios. Mas contamos com uma equipe excelente que superou as atribula\u00e7\u00f5es para que hoje pud\u00e9ssemos entregar uma das melhores UBSs de Juiz de Fora, uma realiza\u00e7\u00e3o esperada h\u00e1 tanto tempo pela comunidade\u201d, disse.&nbsp;<\/p>\n<h4>&nbsp;<\/h4>\n<h4>HOMENAGENS<\/h4>\n<p>A inaugura\u00e7\u00e3o tamb\u00e9m contou com duas homenagens a importantes mulheres na hist\u00f3ria da unidade: a doutora Marina Teixeira Grossi e a presidente do Conselho Local de Sa\u00fade do Furtado de Menezes, Clarice Bonoto da Silva. Trabalhando na unidade desde o tempo de estagi\u00e1ria em medicina comunit\u00e1ria, em 1984, Marina representa o esfor\u00e7o e a dedica\u00e7\u00e3o dos servidores \u00e0 comunidade. J\u00e1 Clarice acompanhou, passo a passo, toda a obra: \u201cHoje \u00e9 um dia vitorioso, conquistamos um espa\u00e7o digno para a comunidade. Jamais esqueceremos essa luta\u201d.<\/p>\n<p>A secret\u00e1ria de Sa\u00fade, Elizabeth Juc\u00e1, salientou a dedica\u00e7\u00e3o do trabalho em equipe. \u201c\u00c9 uma conquista realizada por todos, uma grande equipe que n\u00e3o mediu esfor\u00e7os para entregar essa unidade \u00e0 comunidade. Mesmo com todas as dificuldades, foi entregue um projeto vi\u00e1vel, refer\u00eancia em tamanho, enquadramento de normas e acessibilidade. \u00c9 um trabalho em conjunto para fazer uma sa\u00fade melhor para a cidade\u201d.<\/p>\n<p>Moradora do bairro h\u00e1 30 anos, a aposentada Elza Maria de Almeida Oliveira elogiou a estrutura da UBS. \u201cEstar nessa inaugura\u00e7\u00e3o hoje parece um sonho, h\u00e1 muito tempo a popula\u00e7\u00e3o esperava essa reforma. O atendimento sempre foi muito bom, mas precisava de uma reforma no espa\u00e7o e hoje estamos vendo um lugar maravilhoso\u201d.<\/p>\n<h4>&nbsp;<\/h4>\n<h4>ESTRUTURA<\/h4>\n<p>A unidade agora conta com uma farm\u00e1cia e a Central de Marca\u00e7\u00e3o de Consultas (CMC) no in\u00edcio do pr\u00e9dio, permitindo a separa\u00e7\u00e3o deste fluxo do atendimento de consultas, por exemplo. A sala de vacina tamb\u00e9m acompanha a proposta, com espa\u00e7o maior e entrada especial. As salas de expurgo e esteriliza\u00e7\u00e3o foram totalmente revistas, com adequa\u00e7\u00e3o do ambiente \u00e0s normas estabelecidas. Nebuliza\u00e7\u00e3o e coleta ganharam espa\u00e7os definidos, para maior conforto do usu\u00e1rio. O dep\u00f3sito de medicamentos e insumos agora tem maior capacidade de armazenamento.<\/p>\n<h4>&nbsp;<\/h4>\n<h4>ACESSIBILIDADE<\/h4>\n<p>A preocupa\u00e7\u00e3o com a acessibilidade permeou todo o projeto da unidade, que garantiu a circula\u00e7\u00e3o dos deficientes em todos os ambientes. Isso inclui os dois consult\u00f3rios de ginecologia, por exemplo, que ter\u00e3o sanit\u00e1rios adaptados. A unidade tamb\u00e9m conta com uma sala de treinamento e reuni\u00e3o, al\u00e9m de sal\u00e3o especial para os agentes comunit\u00e1rios de sa\u00fade, ampla \u00e1rea de conviv\u00eancia, com copa e varanda coberta, oferecendo mais conforto aos funcion\u00e1rios. Al\u00e9m disto, todo o telhado da unidade foi trocado. O investimento foi de R$450 mil.<\/p>\n<p>Fonte: Assessoria<\/p>\n","protected":false},"excerpt":{"rendered":"<p>A Prefeitura de Juiz de Fora, atrav\u00e9s da Secretaria de Sa\u00fade, inaugurou, nessa quarta-feira, 4, as obras de revitaliza\u00e7\u00e3o, reforma e amplia\u00e7\u00e3o da Unidade B\u00e1sica de Sa\u00fade (UBS) do bairro Furtado de Menezes. Estiveram presentes o prefeito Bruno Siqueira, o vice Ant\u00f4nio Almas, servidores da PJF, l\u00edderes comunit\u00e1rios, o vereador Marlon Siqueira, representando a C\u00e2mara [&hellip;]<\/p>\n","protected":false},"author":96,"featured_media":95161,"comment_status":"closed","ping_status":"closed","sticky":false,"template":"","format":"standard","meta":{"footnotes":""},"categories":[253],"tags":[],"class_list":["post-95162","post","type-post","status-publish","format-standard","has-post-thumbnail","hentry","category-cidade"],"_links":{"self":[{"href":"https:\/\/diarioregionaldigital.com.br\/index.php?rest_route=\/wp\/v2\/posts\/95162","targetHints":{"allow":["GET"]}}],"collection":[{"href":"https:\/\/diarioregionaldigital.com.br\/index.php?rest_route=\/wp\/v2\/posts"}],"about":[{"href":"https:\/\/diarioregionaldigital.com.br\/index.php?rest_route=\/wp\/v2\/types\/post"}],"author":[{"embeddable":true,"href":"https:\/\/diarioregionaldigital.com.br\/index.php?rest_route=\/wp\/v2\/users\/96"}],"replies":[{"embeddable":true,"href":"https:\/\/diarioregionaldigital.com.br\/index.php?rest_route=%2Fwp%2Fv2%2Fcomments&post=95162"}],"version-history":[{"count":0,"href":"https:\/\/diarioregionaldigital.com.br\/index.php?rest_route=\/wp\/v2\/posts\/95162\/revisions"}],"wp:featuredmedia":[{"embeddable":true,"href":"https:\/\/diarioregionaldigital.com.br\/index.php?rest_route=\/wp\/v2\/media\/95161"}],"wp:attachment":[{"href":"https:\/\/diarioregionaldigital.com.br\/index.php?rest_route=%2Fwp%2Fv2%2Fmedia&parent=95162"}],"wp:term":[{"taxonomy":"category","embeddable":true,"href":"https:\/\/diarioregionaldigital.com.br\/index.php?rest_route=%2Fwp%2Fv2%2Fcategories&post=95162"},{"taxonomy":"post_tag","embeddable":true,"href":"https:\/\/diarioregionaldigital.com.br\/index.php?rest_route=%2Fwp%2Fv2%2Ftags&post=95162"}],"curies":[{"name":"wp","href":"https:\/\/api.w.org\/{rel}","templated":true}]}}