{"id":95156,"date":"2018-04-04T20:16:35","date_gmt":"2018-04-04T23:16:35","guid":{"rendered":"http:\/\/diarioregionaljf.com.br\/2018\/04\/04\/pedidos-de-falencia-caem-24-9-no-primeiro-trimestre\/"},"modified":"2018-04-04T20:16:35","modified_gmt":"2018-04-04T23:16:35","slug":"pedidos-de-falencia-caem-24-9-no-primeiro-trimestre","status":"publish","type":"post","link":"https:\/\/diarioregionaldigital.com.br\/?p=95156","title":{"rendered":"Pedidos de fal\u00eancia caem 24,9% no primeiro trimestre"},"content":{"rendered":"<p>Os pedidos de fal\u00eancia v\u00eam caindo no Brasil diante da recupera\u00e7\u00e3o da economia. Dados da Serasa Experian, divulgados nessa ter\u00e7a-feira, 3, indicam uma queda de 24,9% nesses requerimentos no primeiro trimestre deste ano em rela\u00e7\u00e3o ao mesmo per\u00edodo do ano passado.<\/p>\n<p>Entre janeiro e mar\u00e7o, 296 pedidos de fal\u00eancia foram registrados em todo o Pa\u00eds. Desse total, 160 pedidos foram de micro e pequenas empresas (-23,1%), 70 foram das m\u00e9dias empresas (-11,4%) e 66 de grandes empresas (-38,3%).<\/p>\n<p>Para os economistas da Serasa Experian, esse recuo no primeiro trimestre \u00e9 explicado pela melhor condi\u00e7\u00e3o financeira das empresas em meio ao cen\u00e1rio de recupera\u00e7\u00e3o da economia e de diminui\u00e7\u00e3o na taxa b\u00e1sica de juros, a Selic.<\/p>\n<p>Fonte: Portal Brasil<\/p>\n","protected":false},"excerpt":{"rendered":"<p>Os pedidos de fal\u00eancia v\u00eam caindo no Brasil diante da recupera\u00e7\u00e3o da economia. Dados da Serasa Experian, divulgados nessa ter\u00e7a-feira, 3, indicam uma queda de 24,9% nesses requerimentos no primeiro trimestre deste ano em rela\u00e7\u00e3o ao mesmo per\u00edodo do ano passado. Entre janeiro e mar\u00e7o, 296 pedidos de fal\u00eancia foram registrados em todo o Pa\u00eds. [&hellip;]<\/p>\n","protected":false},"author":96,"featured_media":95155,"comment_status":"closed","ping_status":"closed","sticky":false,"template":"","format":"standard","meta":{"footnotes":""},"categories":[261],"tags":[],"class_list":["post-95156","post","type-post","status-publish","format-standard","has-post-thumbnail","hentry","category-economia"],"_links":{"self":[{"href":"https:\/\/diarioregionaldigital.com.br\/index.php?rest_route=\/wp\/v2\/posts\/95156","targetHints":{"allow":["GET"]}}],"collection":[{"href":"https:\/\/diarioregionaldigital.com.br\/index.php?rest_route=\/wp\/v2\/posts"}],"about":[{"href":"https:\/\/diarioregionaldigital.com.br\/index.php?rest_route=\/wp\/v2\/types\/post"}],"author":[{"embeddable":true,"href":"https:\/\/diarioregionaldigital.com.br\/index.php?rest_route=\/wp\/v2\/users\/96"}],"replies":[{"embeddable":true,"href":"https:\/\/diarioregionaldigital.com.br\/index.php?rest_route=%2Fwp%2Fv2%2Fcomments&post=95156"}],"version-history":[{"count":0,"href":"https:\/\/diarioregionaldigital.com.br\/index.php?rest_route=\/wp\/v2\/posts\/95156\/revisions"}],"wp:featuredmedia":[{"embeddable":true,"href":"https:\/\/diarioregionaldigital.com.br\/index.php?rest_route=\/wp\/v2\/media\/95155"}],"wp:attachment":[{"href":"https:\/\/diarioregionaldigital.com.br\/index.php?rest_route=%2Fwp%2Fv2%2Fmedia&parent=95156"}],"wp:term":[{"taxonomy":"category","embeddable":true,"href":"https:\/\/diarioregionaldigital.com.br\/index.php?rest_route=%2Fwp%2Fv2%2Fcategories&post=95156"},{"taxonomy":"post_tag","embeddable":true,"href":"https:\/\/diarioregionaldigital.com.br\/index.php?rest_route=%2Fwp%2Fv2%2Ftags&post=95156"}],"curies":[{"name":"wp","href":"https:\/\/api.w.org\/{rel}","templated":true}]}}