{"id":95150,"date":"2018-04-04T18:52:38","date_gmt":"2018-04-04T21:52:38","guid":{"rendered":"http:\/\/diarioregionaljf.com.br\/2018\/04\/04\/nos-falta-responsabilidade-politica\/"},"modified":"2018-04-04T18:52:38","modified_gmt":"2018-04-04T21:52:38","slug":"nos-falta-responsabilidade-politica","status":"publish","type":"post","link":"https:\/\/diarioregionaldigital.com.br\/?p=95150","title":{"rendered":"Nos falta responsabilidade pol\u00edtica"},"content":{"rendered":"<p>No pr\u00f3ximo m\u00eas de outubro, teremos novas elei\u00e7\u00f5es no Brasil. Por\u00e9m, o resultado das \u00faltimas elei\u00e7\u00f5es apresentou um aspecto que foi muito comentado na \u00e9poca: os votos brancos, nulos e absten\u00e7\u00f5es atingiram n\u00fameros elevad\u00edssimos extremamente preocupantes. Segundo dados finais e oficiais da Justi\u00e7a Eleitoral, no primeiro turno das \u00faltimas elei\u00e7\u00f5es municipais, a soma de brancos, nulos e absten\u00e7\u00f5es superou o n\u00famero de votos do candidato primeiro colocado em nove capitais brasileiras.<\/p>\n<p>A classe pol\u00edtica tem obriga\u00e7\u00e3o de convencer a popula\u00e7\u00e3o, em particular o eleitorado, que pol\u00edtica \u00e9 ci\u00eancia indispens\u00e1vel. A sociedade tem obriga\u00e7\u00e3o c\u00edvica de participar, de atuar, de discutir e votar. Antes se usava a alega\u00e7\u00e3o de que no per\u00edodo militar havia tolhimento tanto em participa\u00e7\u00e3o e discuss\u00e3o como de oportunidade do voto. Agora, que a liberdade \u00e9 assegurada, os eleitores jogam as conquistas no cesto de lixo. Se a situa\u00e7\u00e3o e o panorama n\u00e3o s\u00e3o bons com a plenitude democr\u00e1tica, pior ser\u00e3o se as oportunidades de mudan\u00e7a forem desprezadas.<\/p>\n<p>Os eleitores devem ser conscientizados de que votar em branco, anular o voto ou desprezar as urnas \u00e9 omiss\u00e3o e irresponsabilidade. Cabe aos l\u00edderes pol\u00edticos e aos formadores de opini\u00e3o transmitir essa mensagem, embora para isso devam reconquistar o respeito e a credibilidade. E, por fim, cabe aos cidad\u00e3os em geral, t\u00e3o enf\u00e1ticos em protestos, passeatas e manifesta\u00e7\u00f5es, ter o entendimento de que n\u00e3o adianta ir para as ruas e n\u00e3o comparecer \u00e0 se\u00e7\u00e3o eleitoral. A mudan\u00e7a se faz atrav\u00e9s da pr\u00e1tica pol\u00edtica e do voto, s\u00edmbolo maior da democracia.<\/p>\n<p style=\"text-align: center;\"><strong>Luiz Carlos Borges da Silveira \u00e9 empres\u00e1rio, m\u00e9dico e professor. Foi Ministro da Sa\u00fade e Deputado Federal.<\/strong><\/p>\n","protected":false},"excerpt":{"rendered":"<p>No pr\u00f3ximo m\u00eas de outubro, teremos novas elei\u00e7\u00f5es no Brasil. Por\u00e9m, o resultado das \u00faltimas elei\u00e7\u00f5es apresentou um aspecto que foi muito comentado na \u00e9poca: os votos brancos, nulos e absten\u00e7\u00f5es atingiram n\u00fameros elevad\u00edssimos extremamente preocupantes. Segundo dados finais e oficiais da Justi\u00e7a Eleitoral, no primeiro turno das \u00faltimas elei\u00e7\u00f5es municipais, a soma de brancos, [&hellip;]<\/p>\n","protected":false},"author":96,"featured_media":95149,"comment_status":"closed","ping_status":"closed","sticky":false,"template":"","format":"standard","meta":{"footnotes":""},"categories":[291],"tags":[],"class_list":["post-95150","post","type-post","status-publish","format-standard","has-post-thumbnail","hentry","category-versoes-artigos-de-opiniao"],"_links":{"self":[{"href":"https:\/\/diarioregionaldigital.com.br\/index.php?rest_route=\/wp\/v2\/posts\/95150","targetHints":{"allow":["GET"]}}],"collection":[{"href":"https:\/\/diarioregionaldigital.com.br\/index.php?rest_route=\/wp\/v2\/posts"}],"about":[{"href":"https:\/\/diarioregionaldigital.com.br\/index.php?rest_route=\/wp\/v2\/types\/post"}],"author":[{"embeddable":true,"href":"https:\/\/diarioregionaldigital.com.br\/index.php?rest_route=\/wp\/v2\/users\/96"}],"replies":[{"embeddable":true,"href":"https:\/\/diarioregionaldigital.com.br\/index.php?rest_route=%2Fwp%2Fv2%2Fcomments&post=95150"}],"version-history":[{"count":0,"href":"https:\/\/diarioregionaldigital.com.br\/index.php?rest_route=\/wp\/v2\/posts\/95150\/revisions"}],"wp:featuredmedia":[{"embeddable":true,"href":"https:\/\/diarioregionaldigital.com.br\/index.php?rest_route=\/wp\/v2\/media\/95149"}],"wp:attachment":[{"href":"https:\/\/diarioregionaldigital.com.br\/index.php?rest_route=%2Fwp%2Fv2%2Fmedia&parent=95150"}],"wp:term":[{"taxonomy":"category","embeddable":true,"href":"https:\/\/diarioregionaldigital.com.br\/index.php?rest_route=%2Fwp%2Fv2%2Fcategories&post=95150"},{"taxonomy":"post_tag","embeddable":true,"href":"https:\/\/diarioregionaldigital.com.br\/index.php?rest_route=%2Fwp%2Fv2%2Ftags&post=95150"}],"curies":[{"name":"wp","href":"https:\/\/api.w.org\/{rel}","templated":true}]}}