{"id":95148,"date":"2018-04-04T18:15:21","date_gmt":"2018-04-04T21:15:21","guid":{"rendered":"http:\/\/diarioregionaljf.com.br\/2018\/04\/04\/eleicoes-2018-partidos-tem-ate-o-dia-7-de-abril-para-obter-registro\/"},"modified":"2018-04-04T18:15:21","modified_gmt":"2018-04-04T21:15:21","slug":"eleicoes-2018-partidos-tem-ate-o-dia-7-de-abril-para-obter-registro","status":"publish","type":"post","link":"https:\/\/diarioregionaldigital.com.br\/?p=95148","title":{"rendered":"Elei\u00e7\u00f5es 2018: partidos t\u00eam at\u00e9 o dia 7 de abril para obter registro"},"content":{"rendered":"<p style=\"text-align: justify;\">Partidos em forma\u00e7\u00e3o t\u00eam at\u00e9 o dia 7 de abril para obterem no Tribunal Superior Eleitoral (TSE) o registro do estatuto e disputar as elei\u00e7\u00f5es de outubro. Ao todo, 35 legendas j\u00e1 t\u00eam registro na Corte Eleitoral e est\u00e3o aptas a lan\u00e7ar candidatos a cargos eletivos este ano.<\/p>\n<p style=\"text-align: justify;\">Em 2018, os eleitores brasileiros v\u00e3o eleger o presidente da Rep\u00fablica, governadores de estado, dois ter\u00e7os do Senado Federal, deputados federais, deputados estaduais e distritais. O primeiro turno do pleito est\u00e1 marcado para 7 de outubro, e o segundo turno, para 28 de outubro.<\/p>\n<p style=\"text-align: justify;\">Com as modifica\u00e7\u00f5es feitas pela reforma eleitoral do ano passado (Lei n\u00ba 13.488\/2017), todos os partidos pol\u00edticos em forma\u00e7\u00e3o que quiserem disputar as elei\u00e7\u00f5es de 2018 devem ter obtido registro de seus estatutos no TSE seis meses antes do pleito. Al\u00e9m disso, o partido precisa ter, at\u00e9 a data da conven\u00e7\u00e3o, \u00f3rg\u00e3o de dire\u00e7\u00e3o institu\u00eddo na circunscri\u00e7\u00e3o, segundo o respectivo estatuto.<\/p>\n<p style=\"text-align: justify;\">Para estarem aptas a apresentar o pedido de registro ao TSE, as legendas em forma\u00e7\u00e3o t\u00eam de cumprir os requisitos previstos na Resolu\u00e7\u00e3o TSE n\u00ba 23.465\/2015 e na Lei dos Partidos Pol\u00edticos (Lei n\u00ba 9.096\/1995), com as altera\u00e7\u00f5es promovidas pela reforma eleitoral de 2015 (Lei n\u00ba 13.165\/2015).<\/p>\n<p>Fonte: Ag\u00eancia Brasil<\/p>\n","protected":false},"excerpt":{"rendered":"<p>Partidos em forma\u00e7\u00e3o t\u00eam at\u00e9 o dia 7 de abril para obterem no Tribunal Superior Eleitoral (TSE) o registro do estatuto e disputar as elei\u00e7\u00f5es de outubro. Ao todo, 35 legendas j\u00e1 t\u00eam registro na Corte Eleitoral e est\u00e3o aptas a lan\u00e7ar candidatos a cargos eletivos este ano. Em 2018, os eleitores brasileiros v\u00e3o eleger [&hellip;]<\/p>\n","protected":false},"author":96,"featured_media":95147,"comment_status":"closed","ping_status":"closed","sticky":false,"template":"","format":"standard","meta":{"footnotes":""},"categories":[254],"tags":[],"class_list":["post-95148","post","type-post","status-publish","format-standard","has-post-thumbnail","hentry","category-politica"],"_links":{"self":[{"href":"https:\/\/diarioregionaldigital.com.br\/index.php?rest_route=\/wp\/v2\/posts\/95148","targetHints":{"allow":["GET"]}}],"collection":[{"href":"https:\/\/diarioregionaldigital.com.br\/index.php?rest_route=\/wp\/v2\/posts"}],"about":[{"href":"https:\/\/diarioregionaldigital.com.br\/index.php?rest_route=\/wp\/v2\/types\/post"}],"author":[{"embeddable":true,"href":"https:\/\/diarioregionaldigital.com.br\/index.php?rest_route=\/wp\/v2\/users\/96"}],"replies":[{"embeddable":true,"href":"https:\/\/diarioregionaldigital.com.br\/index.php?rest_route=%2Fwp%2Fv2%2Fcomments&post=95148"}],"version-history":[{"count":0,"href":"https:\/\/diarioregionaldigital.com.br\/index.php?rest_route=\/wp\/v2\/posts\/95148\/revisions"}],"wp:featuredmedia":[{"embeddable":true,"href":"https:\/\/diarioregionaldigital.com.br\/index.php?rest_route=\/wp\/v2\/media\/95147"}],"wp:attachment":[{"href":"https:\/\/diarioregionaldigital.com.br\/index.php?rest_route=%2Fwp%2Fv2%2Fmedia&parent=95148"}],"wp:term":[{"taxonomy":"category","embeddable":true,"href":"https:\/\/diarioregionaldigital.com.br\/index.php?rest_route=%2Fwp%2Fv2%2Fcategories&post=95148"},{"taxonomy":"post_tag","embeddable":true,"href":"https:\/\/diarioregionaldigital.com.br\/index.php?rest_route=%2Fwp%2Fv2%2Ftags&post=95148"}],"curies":[{"name":"wp","href":"https:\/\/api.w.org\/{rel}","templated":true}]}}