{"id":95144,"date":"2018-04-04T17:58:56","date_gmt":"2018-04-04T20:58:56","guid":{"rendered":"http:\/\/diarioregionaljf.com.br\/2018\/04\/04\/policia-rodoviaria-prende-jovem-com-49-quilos-de-maconha-em-itatiaia-no-rio\/"},"modified":"2018-04-04T17:58:56","modified_gmt":"2018-04-04T20:58:56","slug":"policia-rodoviaria-prende-jovem-com-49-quilos-de-maconha-em-itatiaia-no-rio","status":"publish","type":"post","link":"https:\/\/diarioregionaldigital.com.br\/?p=95144","title":{"rendered":"Pol\u00edcia Rodovi\u00e1ria prende jovem com 49 quilos de maconha em Itatiaia, no Rio"},"content":{"rendered":"<p>Agentes da Pol\u00edcia Rodovi\u00e1ria Federal (PRF), que integram a Opera\u00e7\u00e3o \u00c9gide, de combate ao tr\u00e1fico de drogas e de cargas nas rodovias federais de acesso ao Rio, prenderam, em blitz na rodovia Presidente Dutra (BR-116), em Itatiaia, regi\u00e3o sul-fluminense, um rapaz de 24 anos, que levava 49 quilos de maconha prensada em duas malas. O suspeito, que n\u00e3o teve a identidade revelada, disse que a droga seria levada para Aracaju, para abastecer o tr\u00e1fico de drogas na capital sergipana.<\/p>\n<p>Na fiscaliza\u00e7\u00e3o de rotina, os agentes rodovi\u00e1rios federais localizaram 60 tabletes de maconha no bagageiro inferior de um \u00f4nibus que saiu de S\u00e3o Paulo com destino a Aracaju. O preso foi encaminhado \u00e0 delegacia policial de Itatiaia, onde foi autuado por tr\u00e1fico de drogas e, de l\u00e1, encaminhado ao sistema penitenci\u00e1rio, onde ficar\u00e1 \u00e0 disposi\u00e7\u00e3o da Justi\u00e7a, aguardando julgamento.<\/p>\n<p>Fonte: Ag\u00eancia Brasil<\/p>\n","protected":false},"excerpt":{"rendered":"<p>Agentes da Pol\u00edcia Rodovi\u00e1ria Federal (PRF), que integram a Opera\u00e7\u00e3o \u00c9gide, de combate ao tr\u00e1fico de drogas e de cargas nas rodovias federais de acesso ao Rio, prenderam, em blitz na rodovia Presidente Dutra (BR-116), em Itatiaia, regi\u00e3o sul-fluminense, um rapaz de 24 anos, que levava 49 quilos de maconha prensada em duas malas. O [&hellip;]<\/p>\n","protected":false},"author":96,"featured_media":95143,"comment_status":"closed","ping_status":"closed","sticky":false,"template":"","format":"standard","meta":{"footnotes":""},"categories":[302],"tags":[],"class_list":["post-95144","post","type-post","status-publish","format-standard","has-post-thumbnail","hentry","category-brasil-mundo"],"_links":{"self":[{"href":"https:\/\/diarioregionaldigital.com.br\/index.php?rest_route=\/wp\/v2\/posts\/95144","targetHints":{"allow":["GET"]}}],"collection":[{"href":"https:\/\/diarioregionaldigital.com.br\/index.php?rest_route=\/wp\/v2\/posts"}],"about":[{"href":"https:\/\/diarioregionaldigital.com.br\/index.php?rest_route=\/wp\/v2\/types\/post"}],"author":[{"embeddable":true,"href":"https:\/\/diarioregionaldigital.com.br\/index.php?rest_route=\/wp\/v2\/users\/96"}],"replies":[{"embeddable":true,"href":"https:\/\/diarioregionaldigital.com.br\/index.php?rest_route=%2Fwp%2Fv2%2Fcomments&post=95144"}],"version-history":[{"count":0,"href":"https:\/\/diarioregionaldigital.com.br\/index.php?rest_route=\/wp\/v2\/posts\/95144\/revisions"}],"wp:featuredmedia":[{"embeddable":true,"href":"https:\/\/diarioregionaldigital.com.br\/index.php?rest_route=\/wp\/v2\/media\/95143"}],"wp:attachment":[{"href":"https:\/\/diarioregionaldigital.com.br\/index.php?rest_route=%2Fwp%2Fv2%2Fmedia&parent=95144"}],"wp:term":[{"taxonomy":"category","embeddable":true,"href":"https:\/\/diarioregionaldigital.com.br\/index.php?rest_route=%2Fwp%2Fv2%2Fcategories&post=95144"},{"taxonomy":"post_tag","embeddable":true,"href":"https:\/\/diarioregionaldigital.com.br\/index.php?rest_route=%2Fwp%2Fv2%2Ftags&post=95144"}],"curies":[{"name":"wp","href":"https:\/\/api.w.org\/{rel}","templated":true}]}}