{"id":95142,"date":"2018-04-04T17:43:50","date_gmt":"2018-04-04T20:43:50","guid":{"rendered":"http:\/\/diarioregionaljf.com.br\/2018\/04\/04\/nacoes-unidas-promovem-concurso-internacional-de-filmes-sobre-migracao\/"},"modified":"2018-04-04T17:43:50","modified_gmt":"2018-04-04T20:43:50","slug":"nacoes-unidas-promovem-concurso-internacional-de-filmes-sobre-migracao","status":"publish","type":"post","link":"https:\/\/diarioregionaldigital.com.br\/?p=95142","title":{"rendered":"Na\u00e7\u00f5es Unidas promovem concurso internacional de filmes sobre migra\u00e7\u00e3o"},"content":{"rendered":"<p>A Organiza\u00e7\u00e3o Internacional para Migra\u00e7\u00f5es das Na\u00e7\u00f5es Unidas (OIM), est\u00e1 recebendo a inscri\u00e7\u00e3o de filmes de curta e longa-metragem para serem exibidos no Festival Global de Filmes sobre Migra\u00e7\u00e3o no fim deste ano. Os filmes candidatos devem ser submetidos \u00e0 OIM at\u00e9 21 de junho. A informa\u00e7\u00e3o \u00e9 da ONU News.<\/p>\n<p>O festival faz parte da campanha Junto com as Na\u00e7\u00f5es Unidas (UN Together, na sigla em ingl\u00eas). A ag\u00eancia da ONU aceita candidaturas de filmes em todos os g\u00eaneros: fic\u00e7\u00e3o, document\u00e1rio, anima\u00e7\u00e3o, drama e outros.<\/p>\n<p>A competi\u00e7\u00e3o est\u00e1 aberta tanto a cineastas emergentes quanto a realizadores com mais experi\u00eancia. Para serem considerados, os filmes devem abordar desafios e promessas da migra\u00e7\u00e3o e as v\u00e1rias contribui\u00e7\u00f5es dos migrantes nas suas novas comunidades.<\/p>\n<p>O Festival busca focar nas contribui\u00e7\u00f5es \u00fanicas que os migrantes trazem \u00e0s suas novas comunidades. Filmes que abordam as percep\u00e7\u00f5es negativas dos migrantes, desafiam os estere\u00f3tipos e retratam a\u00e7\u00f5es positivas e acolhedoras por e para os migrantes s\u00e3o encorajados. Apenas os filmes enviados atrav\u00e9s da plataforma designada do festival, FilmFreeway, ser\u00e3o considerados.<\/p>\n<p>Os interessados podem submeter seus trabalhos no <a href=\"https:\/\/www.iom.int\/gmff\/submit-your-film\">site da OIM<\/a>.<\/p>\n<h4>&nbsp;<\/h4>\n<h4>ESPANTO E ADMIRA\u00c7\u00c3O<\/h4>\n<p>O diretor-geral da OIM, William Lacy Swing, disse que \u201cas viagens dos migrantes, por vezes cheias de perigos, muitas vezes cheias de esperan\u00e7a, t\u00eam sido sempre tema de filmes na hist\u00f3ria do cinema.\u201d<\/p>\n<p>Ele disse esperar que \u201cos filmes do pr\u00f3ximo festival criem compreens\u00e3o, empatia com os personagens, espanto com as suas viagens, e admira\u00e7\u00e3o por aqueles que os acolhem como novos vizinhos.\u201d<\/p>\n<p>Os participantes s\u00e3o encorajados a publicar um v\u00eddeo curto no novo aplicativo Together, que permite intera\u00e7\u00e3o com mais cineastas e est\u00e1 aberto \u00e0 colabora\u00e7\u00e3o de projetos de todo o mundo. Na categoria de longa-metragem, o j\u00fari vai avaliar trabalhos com dura\u00e7\u00e3o superior a 41 minutos. J\u00e1 os curta-metragens devem ter no m\u00e1ximo 40 minutos.<\/p>\n<p>Em 2017, o Festival Global de Filmes sobre Migra\u00e7\u00e3o esteve presente em cerca de 100 pa\u00edses, com cerca de 345 exibi\u00e7\u00f5es. Mais de 27 mil pessoas viram os 39 filmes finalistas.<\/p>\n<p>Fonte: Ag\u00eancia Brasil<\/p>\n","protected":false},"excerpt":{"rendered":"<p>A Organiza\u00e7\u00e3o Internacional para Migra\u00e7\u00f5es das Na\u00e7\u00f5es Unidas (OIM), est\u00e1 recebendo a inscri\u00e7\u00e3o de filmes de curta e longa-metragem para serem exibidos no Festival Global de Filmes sobre Migra\u00e7\u00e3o no fim deste ano. Os filmes candidatos devem ser submetidos \u00e0 OIM at\u00e9 21 de junho. A informa\u00e7\u00e3o \u00e9 da ONU News. O festival faz parte [&hellip;]<\/p>\n","protected":false},"author":96,"featured_media":95141,"comment_status":"closed","ping_status":"closed","sticky":false,"template":"","format":"standard","meta":{"footnotes":""},"categories":[302],"tags":[],"class_list":["post-95142","post","type-post","status-publish","format-standard","has-post-thumbnail","hentry","category-brasil-mundo"],"_links":{"self":[{"href":"https:\/\/diarioregionaldigital.com.br\/index.php?rest_route=\/wp\/v2\/posts\/95142","targetHints":{"allow":["GET"]}}],"collection":[{"href":"https:\/\/diarioregionaldigital.com.br\/index.php?rest_route=\/wp\/v2\/posts"}],"about":[{"href":"https:\/\/diarioregionaldigital.com.br\/index.php?rest_route=\/wp\/v2\/types\/post"}],"author":[{"embeddable":true,"href":"https:\/\/diarioregionaldigital.com.br\/index.php?rest_route=\/wp\/v2\/users\/96"}],"replies":[{"embeddable":true,"href":"https:\/\/diarioregionaldigital.com.br\/index.php?rest_route=%2Fwp%2Fv2%2Fcomments&post=95142"}],"version-history":[{"count":0,"href":"https:\/\/diarioregionaldigital.com.br\/index.php?rest_route=\/wp\/v2\/posts\/95142\/revisions"}],"wp:featuredmedia":[{"embeddable":true,"href":"https:\/\/diarioregionaldigital.com.br\/index.php?rest_route=\/wp\/v2\/media\/95141"}],"wp:attachment":[{"href":"https:\/\/diarioregionaldigital.com.br\/index.php?rest_route=%2Fwp%2Fv2%2Fmedia&parent=95142"}],"wp:term":[{"taxonomy":"category","embeddable":true,"href":"https:\/\/diarioregionaldigital.com.br\/index.php?rest_route=%2Fwp%2Fv2%2Fcategories&post=95142"},{"taxonomy":"post_tag","embeddable":true,"href":"https:\/\/diarioregionaldigital.com.br\/index.php?rest_route=%2Fwp%2Fv2%2Ftags&post=95142"}],"curies":[{"name":"wp","href":"https:\/\/api.w.org\/{rel}","templated":true}]}}