{"id":95140,"date":"2018-04-04T17:26:50","date_gmt":"2018-04-04T20:26:50","guid":{"rendered":"http:\/\/diarioregionaljf.com.br\/2018\/04\/04\/projetos-do-deputado-estadual-isauro-calais-defendem-direitos-da-pessoa-com-deficiencia\/"},"modified":"2018-04-04T17:26:50","modified_gmt":"2018-04-04T20:26:50","slug":"projetos-do-deputado-estadual-isauro-calais-defendem-direitos-da-pessoa-com-deficiencia","status":"publish","type":"post","link":"https:\/\/diarioregionaldigital.com.br\/?p=95140","title":{"rendered":"Projetos do deputado estadual Isauro Calais defendem direitos da pessoa com defici\u00eancia"},"content":{"rendered":"<p>O deputado estadual Isauro Calais \u00e9 um defensor da pessoa com defici\u00eancia na Assembleia Legislativa de Minas Gerais (ALMG). O parlamentar tem colocado em pr\u00e1tica algumas a\u00e7\u00f5es e apresentado projetos de Lei para garantir o direito dessa parcela da popula\u00e7\u00e3o. Dos 45 projetos apresentados pelo deputado, oito s\u00e3o direcionados para pessoas com defici\u00eancia. As demandas surgiram ap\u00f3s reuni\u00f5es com entidades ligadas nessa \u00e1rea, como o Departamento de Pol\u00edticas para as Pessoas com Defici\u00eancia e Direitos Humanos da Prefeitura de Juiz de Fora.<\/p>\n<p>Na lista de projeto apresentados pelo deputado, est\u00e1 o projeto 1.465\/2015 que estabelece a obrigatoriedade de se implantar em todas as ag\u00eancias banc\u00e1rias um int\u00e9rprete da L\u00edngua Brasileira de Sinais (Libras) para o atendimento de pessoas com defici\u00eancia auditiva. Os int\u00e9rpretes de Libras dever\u00e3o ser visualmente identificados e destacados dos demais para facilitar o acesso aos usu\u00e1rios dos servi\u00e7os que sejam deficientes auditivos.<\/p>\n<p>Entidades de Juiz e Fora e regi\u00e3o, que atendem pessoas com defici\u00eancia, tamb\u00e9m est\u00e3o sendo beneficiadas por Isauro Calais. \u00c9 o caso de in\u00fameras Associa\u00e7\u00f5es de Pais e Amigos dos Excepcionais (Apae) que est\u00e3o recebendo emenda parlamentar indicada por Calais para custear a\u00e7\u00f5es em prol dos assistidos.<\/p>\n<p>Fonte: Assessoria<\/p>\n","protected":false},"excerpt":{"rendered":"<p>O deputado estadual Isauro Calais \u00e9 um defensor da pessoa com defici\u00eancia na Assembleia Legislativa de Minas Gerais (ALMG). O parlamentar tem colocado em pr\u00e1tica algumas a\u00e7\u00f5es e apresentado projetos de Lei para garantir o direito dessa parcela da popula\u00e7\u00e3o. Dos 45 projetos apresentados pelo deputado, oito s\u00e3o direcionados para pessoas com defici\u00eancia. As demandas [&hellip;]<\/p>\n","protected":false},"author":96,"featured_media":95139,"comment_status":"closed","ping_status":"closed","sticky":false,"template":"","format":"standard","meta":{"footnotes":""},"categories":[254],"tags":[],"class_list":["post-95140","post","type-post","status-publish","format-standard","has-post-thumbnail","hentry","category-politica"],"_links":{"self":[{"href":"https:\/\/diarioregionaldigital.com.br\/index.php?rest_route=\/wp\/v2\/posts\/95140","targetHints":{"allow":["GET"]}}],"collection":[{"href":"https:\/\/diarioregionaldigital.com.br\/index.php?rest_route=\/wp\/v2\/posts"}],"about":[{"href":"https:\/\/diarioregionaldigital.com.br\/index.php?rest_route=\/wp\/v2\/types\/post"}],"author":[{"embeddable":true,"href":"https:\/\/diarioregionaldigital.com.br\/index.php?rest_route=\/wp\/v2\/users\/96"}],"replies":[{"embeddable":true,"href":"https:\/\/diarioregionaldigital.com.br\/index.php?rest_route=%2Fwp%2Fv2%2Fcomments&post=95140"}],"version-history":[{"count":0,"href":"https:\/\/diarioregionaldigital.com.br\/index.php?rest_route=\/wp\/v2\/posts\/95140\/revisions"}],"wp:featuredmedia":[{"embeddable":true,"href":"https:\/\/diarioregionaldigital.com.br\/index.php?rest_route=\/wp\/v2\/media\/95139"}],"wp:attachment":[{"href":"https:\/\/diarioregionaldigital.com.br\/index.php?rest_route=%2Fwp%2Fv2%2Fmedia&parent=95140"}],"wp:term":[{"taxonomy":"category","embeddable":true,"href":"https:\/\/diarioregionaldigital.com.br\/index.php?rest_route=%2Fwp%2Fv2%2Fcategories&post=95140"},{"taxonomy":"post_tag","embeddable":true,"href":"https:\/\/diarioregionaldigital.com.br\/index.php?rest_route=%2Fwp%2Fv2%2Ftags&post=95140"}],"curies":[{"name":"wp","href":"https:\/\/api.w.org\/{rel}","templated":true}]}}