{"id":95136,"date":"2018-04-04T13:31:08","date_gmt":"2018-04-04T16:31:08","guid":{"rendered":"http:\/\/diarioregionaljf.com.br\/2018\/04\/04\/selecao-sub-17-fica-com-o-vice-em-montaigu-perdendo-o-titulo-para-portugal\/"},"modified":"2018-04-04T13:31:08","modified_gmt":"2018-04-04T16:31:08","slug":"selecao-sub-17-fica-com-o-vice-em-montaigu-perdendo-o-titulo-para-portugal","status":"publish","type":"post","link":"https:\/\/diarioregionaldigital.com.br\/?p=95136","title":{"rendered":"Sele\u00e7\u00e3o Sub-17 fica com o vice em Montaigu perdendo o t\u00edtulo para Portugal"},"content":{"rendered":"<p>Em um jogo emocionante, com direito a empate nos acr\u00e9scimos,&nbsp;a Sele\u00e7\u00e3o Brasileira Sub-17 ficou com o vice-campeonato do Torneio Mondial de Montaigu nesta segunda-feira, 2. Em jogo realizado na Fran\u00e7a, o Brasil empatou em 4 a 4 com Portugal no tempo normal, e foi derrotado por 4 a 2 nas disputa de grandes penalidades.<\/p>\n<p>O primeiro tempo da decis\u00e3o come\u00e7ou dando o tom da emo\u00e7\u00e3o que viria pela frente no jogo. Com um lance de oportunismo de Reinier, que aproveitou bola espirrada ap\u00f3s tentativa de finaliza\u00e7\u00e3o de Peglow, o Brasil inaugurou o placar.&nbsp;<\/p>\n<p>Sem sentir o golpe, os portugueses conseguiram a virada logo na sequ\u00eancia e colocaram press\u00e3o nos meninos brasileiros. No entanto, a Sele\u00e7\u00e3o tamb\u00e9m n\u00e3o se perdeu e manteve o \u00edmpeto ofensivo. Depois de bela troca de passes, Peglow fez um giro dentro da \u00e1rea no melhor estilo piv\u00f4 de futsal e empatou o jogo.<\/p>\n<p>O Brasil voltou melhor no segundo tempo e passou a dominar a posse de bola, mas Portugal foi mais efetivo. Em dois lances isolados, a sele\u00e7\u00e3o portuguesa conseguiu retomar a frente no placar e ainda ampliar em lance de bola parada.<\/p>\n<p>Quando tudo indicava que este seria o resultado final, a Sele\u00e7\u00e3o Brasileira mostrou que n\u00e3o se entregaria. Primeiro com Peglow, que venceu disputa com o zagueiro na entrada da \u00e1rea e estufou as redes, e depois com Garcia, que completou cruzamento no \u00faltimo minuto da partida e empatou o placar.<\/p>\n<p>A partida foi para os p\u00eanaltis e a\u00ed quem levou a melhor foram os portugueses: 4 a 2. Pelo Brasil, Reinier e Henri converteram suas cobran\u00e7as, enquanto Daniel e Garcia pararam nas m\u00e3os do goleiro portugu\u00eas.<\/p>\n<p>Com o vice-campeonato, o Brasil encerra sua participa\u00e7\u00e3o no Mondial de Montaigu com duas vit\u00f3rias e dois empates. Ao todo, o time comandado por Paulo Victor Gomes marcou 18 gols e sofreu sete.<\/p>\n<p><strong>Brasil<\/strong><\/p>\n<p>Gabriel Pereira, Garcia, Gabriel Noga, Henri e Emerson; Fabinho, Diego e Reinier; Pedro Arthur, Peglow e Kak\u00e1 (Miguel).<\/p>\n","protected":false},"excerpt":{"rendered":"<p>Em um jogo emocionante, com direito a empate nos acr\u00e9scimos,&nbsp;a Sele\u00e7\u00e3o Brasileira Sub-17 ficou com o vice-campeonato do Torneio Mondial de Montaigu nesta segunda-feira, 2. Em jogo realizado na Fran\u00e7a, o Brasil empatou em 4 a 4 com Portugal no tempo normal, e foi derrotado por 4 a 2 nas disputa de grandes penalidades. O [&hellip;]<\/p>\n","protected":false},"author":96,"featured_media":95135,"comment_status":"closed","ping_status":"closed","sticky":false,"template":"","format":"standard","meta":{"footnotes":""},"categories":[257],"tags":[],"class_list":["post-95136","post","type-post","status-publish","format-standard","has-post-thumbnail","hentry","category-esporte"],"_links":{"self":[{"href":"https:\/\/diarioregionaldigital.com.br\/index.php?rest_route=\/wp\/v2\/posts\/95136","targetHints":{"allow":["GET"]}}],"collection":[{"href":"https:\/\/diarioregionaldigital.com.br\/index.php?rest_route=\/wp\/v2\/posts"}],"about":[{"href":"https:\/\/diarioregionaldigital.com.br\/index.php?rest_route=\/wp\/v2\/types\/post"}],"author":[{"embeddable":true,"href":"https:\/\/diarioregionaldigital.com.br\/index.php?rest_route=\/wp\/v2\/users\/96"}],"replies":[{"embeddable":true,"href":"https:\/\/diarioregionaldigital.com.br\/index.php?rest_route=%2Fwp%2Fv2%2Fcomments&post=95136"}],"version-history":[{"count":0,"href":"https:\/\/diarioregionaldigital.com.br\/index.php?rest_route=\/wp\/v2\/posts\/95136\/revisions"}],"wp:featuredmedia":[{"embeddable":true,"href":"https:\/\/diarioregionaldigital.com.br\/index.php?rest_route=\/wp\/v2\/media\/95135"}],"wp:attachment":[{"href":"https:\/\/diarioregionaldigital.com.br\/index.php?rest_route=%2Fwp%2Fv2%2Fmedia&parent=95136"}],"wp:term":[{"taxonomy":"category","embeddable":true,"href":"https:\/\/diarioregionaldigital.com.br\/index.php?rest_route=%2Fwp%2Fv2%2Fcategories&post=95136"},{"taxonomy":"post_tag","embeddable":true,"href":"https:\/\/diarioregionaldigital.com.br\/index.php?rest_route=%2Fwp%2Fv2%2Ftags&post=95136"}],"curies":[{"name":"wp","href":"https:\/\/api.w.org\/{rel}","templated":true}]}}