{"id":95134,"date":"2018-04-04T13:29:21","date_gmt":"2018-04-04T16:29:21","guid":{"rendered":"http:\/\/diarioregionaljf.com.br\/2018\/04\/04\/hugo-calderano-aparece-em-12-no-novo-ranking-mundial-de-tenis-de-mesa\/"},"modified":"2018-04-04T13:29:21","modified_gmt":"2018-04-04T16:29:21","slug":"hugo-calderano-aparece-em-12-no-novo-ranking-mundial-de-tenis-de-mesa","status":"publish","type":"post","link":"https:\/\/diarioregionaldigital.com.br\/?p=95134","title":{"rendered":"Hugo Calderano aparece em 12\u00ba no novo ranking mundial de T\u00eanis de Mesa"},"content":{"rendered":"<p>Hugo Calderano superou sua melhor posi\u00e7\u00e3o no ranking mundial de t\u00eanis de mesa, onde j\u00e1 era o melhor latino-americano em todos os tempos. Nesta segunda-feira, 2, a Federa\u00e7\u00e3o Internacional de T\u00eanis de Mesa confirmou o brasileiro em 12\u00ba lugar, subindo tr\u00eas posi\u00e7\u00f5es em rela\u00e7\u00e3o ao \u00faltimo ranking.<\/p>\n<p> O salto se deve ao desempenho de Calderano no Aberto do Catar, quando foi vice-campe\u00e3o, perdendo para o novo n\u00famero 1 do mundo, o chin\u00eas Fan Zhendong. O desempenho no Aberto da Alemanha, quando foi eliminado na estreia, contou para que o brasileiro n\u00e3o alcan\u00e7asse o Top-10.<\/p>\n<p> &#8220;O Aberto do Qatar foi um grande passo na minha carreira e estou muito feliz com essa subida no ranking. \u00c9 muito legal ver as pessoas acompanhando e torcendo para me ver no top-10&#8221;, disse Calderano, j\u00e1 projetando tamb\u00e9m sua participa\u00e7\u00e3o na principal competi\u00e7\u00e3o do ano: o Mundial por Equipes, que come\u00e7a no dia 29, na Su\u00e9cia.<\/p>\n<p>&#8220;O Mundial vai ser um grande desafio, porque j\u00e1 na fase de grupos temos cinco jogos contra equipes muito fortes. Temos que estar sempre preparados f\u00edsica e mentalmente e aproveitar a oportunidade de mostrar que o Brasil est\u00e1 entre os melhores do mundo&#8221;.<\/p>\n<p>Entre as mulheres, Bruna Takahashi \u00e9 a nova n\u00famero 1 entre as brasileiras. Ela agora ocupa a 89\u00aa coloca\u00e7\u00e3o, tr\u00eas acima do \u00faltimo ranking. A brasileira que mais subiu foi J\u00e9ssica Yamada, pulando da 803\u00aa coloca\u00e7\u00e3o para o 584\u00ba lugar. Entre os homens, Humberto Manhani subiu do 626\u00ba lugar para o 483\u00ba. Ambos tiveram boas participa\u00e7\u00f5es no Campeonato Latino-Americano, em Cuba. Vitor Ishiy, que chegou nas quartas de final do Aberto da Espanha, tamb\u00e9m teve um salto significativo. Saiu do 156\u00ba para o 126\u00ba lugar. No ranking por equipes, o Brasil aparece em 10\u00ba lugar no masculino e 20\u00ba no feminino.<\/p>\n<p><strong>Fonte: CBTM<\/strong><\/p>\n<p><strong>&nbsp;<\/strong><\/p>\n","protected":false},"excerpt":{"rendered":"<p>Hugo Calderano superou sua melhor posi\u00e7\u00e3o no ranking mundial de t\u00eanis de mesa, onde j\u00e1 era o melhor latino-americano em todos os tempos. Nesta segunda-feira, 2, a Federa\u00e7\u00e3o Internacional de T\u00eanis de Mesa confirmou o brasileiro em 12\u00ba lugar, subindo tr\u00eas posi\u00e7\u00f5es em rela\u00e7\u00e3o ao \u00faltimo ranking. O salto se deve ao desempenho de Calderano [&hellip;]<\/p>\n","protected":false},"author":96,"featured_media":95133,"comment_status":"closed","ping_status":"closed","sticky":false,"template":"","format":"standard","meta":{"footnotes":""},"categories":[257],"tags":[],"class_list":["post-95134","post","type-post","status-publish","format-standard","has-post-thumbnail","hentry","category-esporte"],"_links":{"self":[{"href":"https:\/\/diarioregionaldigital.com.br\/index.php?rest_route=\/wp\/v2\/posts\/95134","targetHints":{"allow":["GET"]}}],"collection":[{"href":"https:\/\/diarioregionaldigital.com.br\/index.php?rest_route=\/wp\/v2\/posts"}],"about":[{"href":"https:\/\/diarioregionaldigital.com.br\/index.php?rest_route=\/wp\/v2\/types\/post"}],"author":[{"embeddable":true,"href":"https:\/\/diarioregionaldigital.com.br\/index.php?rest_route=\/wp\/v2\/users\/96"}],"replies":[{"embeddable":true,"href":"https:\/\/diarioregionaldigital.com.br\/index.php?rest_route=%2Fwp%2Fv2%2Fcomments&post=95134"}],"version-history":[{"count":0,"href":"https:\/\/diarioregionaldigital.com.br\/index.php?rest_route=\/wp\/v2\/posts\/95134\/revisions"}],"wp:featuredmedia":[{"embeddable":true,"href":"https:\/\/diarioregionaldigital.com.br\/index.php?rest_route=\/wp\/v2\/media\/95133"}],"wp:attachment":[{"href":"https:\/\/diarioregionaldigital.com.br\/index.php?rest_route=%2Fwp%2Fv2%2Fmedia&parent=95134"}],"wp:term":[{"taxonomy":"category","embeddable":true,"href":"https:\/\/diarioregionaldigital.com.br\/index.php?rest_route=%2Fwp%2Fv2%2Fcategories&post=95134"},{"taxonomy":"post_tag","embeddable":true,"href":"https:\/\/diarioregionaldigital.com.br\/index.php?rest_route=%2Fwp%2Fv2%2Ftags&post=95134"}],"curies":[{"name":"wp","href":"https:\/\/api.w.org\/{rel}","templated":true}]}}