{"id":95132,"date":"2018-04-04T13:27:24","date_gmt":"2018-04-04T16:27:24","guid":{"rendered":"http:\/\/diarioregionaljf.com.br\/2018\/04\/04\/selecao-feminina-faz-primeiro-treino-de-olho-na-estreia-da-copa-america-com-a-argentina\/"},"modified":"2018-04-04T13:27:24","modified_gmt":"2018-04-04T16:27:24","slug":"selecao-feminina-faz-primeiro-treino-de-olho-na-estreia-da-copa-america-com-a-argentina","status":"publish","type":"post","link":"https:\/\/diarioregionaldigital.com.br\/?p=95132","title":{"rendered":"Sele\u00e7\u00e3o Feminina faz primeiro treino de olho na estreia da Copa Am\u00e9rica com a Argentina"},"content":{"rendered":"<p>A Sele\u00e7\u00e3o Brasileira Feminina j\u00e1 realizou o primeiro treinamento em La Serena, no Chile, onde buscar\u00e1 o s\u00e9timo t\u00edtulo sul-americano. O t\u00e9cnico Vad\u00e3o comandou um trabalho t\u00e1tico visando ao primeiro advers\u00e1rio da Copa Am\u00e9rica: a Argentina. O confronto ser\u00e1 nesta quinta-feira, 5, \u00e0s 19h, no&nbsp;Estadio Sanchez Rumoroso, em Coquimbo.<\/p>\n<p>A competi\u00e7\u00e3o come\u00e7a nesta quarta-feira, 4,&nbsp; com partidas do Grupo A: Col\u00f4mbia x Uruguai e Chile x Paraguai. A fase de grupos ser\u00e1 realizada de 4 a 13, enquanto o quadrangular final ser\u00e1 disputado de 16 a 22 \u2013 todos os jogos finais ser\u00e3o no Est\u00e1dio La Portada, em La Serena.<\/p>\n<p>O torneio garante duas vagas na Copa do Mundo da Fran\u00e7a, em 2019,&nbsp;\u2013 o terceiro lugar disputar\u00e1 a repescagem com a Concacaf \u2013&nbsp;uma vaga nos Jogos Ol\u00edmpicos de T\u00f3quio, em 2020 \u2013 o segundo lugar disputa repescagem \u2013, e quatro vagas nos Jogos Pan-Americanos de Lima, em 2019.<\/p>\n<p><strong>Confira a tabela completa da Copa Am\u00e9rica:&nbsp;<\/strong><\/p>\n<p>Dia 4 de abril (quarta-feira)- Grupo A &#8211; La Portada, em La Serena<\/p>\n<p>16h45 &#8211; Col\u00f4mbia x Uruguai<\/p>\n<p>19h &#8211; Chile x Paraguai<\/p>\n<p>Dia 5 de abril (quinta-feira) &#8211; Grupo B&nbsp;&#8211; Estadio Sanchez Rumoroso, em Coquimbo<\/p>\n<p>16h45 &#8211; Equador x Venezuela<\/p>\n<p>19h &#8211; Brasil x Argentina<\/p>\n<p>Dia 6 de abril (sexta-feira) &#8211; Grupo A&nbsp;&#8211; La Portada, em La Serena<\/p>\n<p>16h45 &#8211; Paraguai x Peru<\/p>\n<p>19h &#8211; Chile x Col\u00f4mbia<\/p>\n<p>Dia 7 de abril (s\u00e1bado) &#8211; Grupo B&nbsp;&#8211; Estadio Sanchez Rumoroso, em Coquimbo<\/p>\n<p>16h45 &#8211; Argentin x Bol\u00edvia<\/p>\n<p>19h &#8211; Brasil x Equador<\/p>\n<p>Dia 8 de abril (domingo) &#8211; Grupo A&nbsp;&#8211; La Portada, em La Serena<\/p>\n<p>16h45 &#8211; Uruguai x Peru<\/p>\n<p>19h &#8211; Col\u00f4mbia x&nbsp;Paraguai<\/p>\n<p>Dia 9 de abril (segunda-feira) &#8211; Grupo B&nbsp;&#8211; Estadio Sanchez Rumoroso, em Coquimbo<\/p>\n<p>16h45 &#8211; Venezuela x Bol\u00edvia<\/p>\n<p>19h &#8211; Equador x Argentina<\/p>\n<p>Dia 10 de abril (ter\u00e7a-feira) &#8211; Grupo A&nbsp;&#8211; La Portada, em La Serena<\/p>\n<p>16h45 &#8211; Col\u00f4mbia x Peru<\/p>\n<p>19h &#8211; Chile x Uruguai<\/p>\n<p>Dia 11 de abril (quarta-feira) &#8211; Grupo B&nbsp;&#8211; Estadio Sanchez Rumoroso, em Coquimbo<\/p>\n<p>16h45 &#8211; Equador x Bol\u00edvia<\/p>\n<p>19h &#8211; Brasil x Venezuela<\/p>\n<p>Dia 12 de abril (quinta-feira) &#8211; Grupo A&nbsp;&#8211; La Portada, em La Serena<\/p>\n<p>16h45 &#8211; Paraguai x Uruguai<\/p>\n<p>19h &#8211; Peru x Chile<\/p>\n<p>Dia 13 de abril (sexta-feira) &#8211; Grupo B &#8211; Estadio Sanchez Rumoroso, em Coquimbo<\/p>\n<p>16h45 &#8211; Argentina x Venezuela<\/p>\n<p>19h &#8211; Bol\u00edvia x Brasil&nbsp;<\/p>\n<p><strong>&nbsp;<\/strong><\/p>\n<p><strong>Fonte: CBF<\/strong><\/p>\n","protected":false},"excerpt":{"rendered":"<p>A Sele\u00e7\u00e3o Brasileira Feminina j\u00e1 realizou o primeiro treinamento em La Serena, no Chile, onde buscar\u00e1 o s\u00e9timo t\u00edtulo sul-americano. O t\u00e9cnico Vad\u00e3o comandou um trabalho t\u00e1tico visando ao primeiro advers\u00e1rio da Copa Am\u00e9rica: a Argentina. O confronto ser\u00e1 nesta quinta-feira, 5, \u00e0s 19h, no&nbsp;Estadio Sanchez Rumoroso, em Coquimbo. A competi\u00e7\u00e3o come\u00e7a nesta quarta-feira, 4,&nbsp; [&hellip;]<\/p>\n","protected":false},"author":96,"featured_media":95131,"comment_status":"closed","ping_status":"closed","sticky":false,"template":"","format":"standard","meta":{"footnotes":""},"categories":[257],"tags":[],"class_list":["post-95132","post","type-post","status-publish","format-standard","has-post-thumbnail","hentry","category-esporte"],"_links":{"self":[{"href":"https:\/\/diarioregionaldigital.com.br\/index.php?rest_route=\/wp\/v2\/posts\/95132","targetHints":{"allow":["GET"]}}],"collection":[{"href":"https:\/\/diarioregionaldigital.com.br\/index.php?rest_route=\/wp\/v2\/posts"}],"about":[{"href":"https:\/\/diarioregionaldigital.com.br\/index.php?rest_route=\/wp\/v2\/types\/post"}],"author":[{"embeddable":true,"href":"https:\/\/diarioregionaldigital.com.br\/index.php?rest_route=\/wp\/v2\/users\/96"}],"replies":[{"embeddable":true,"href":"https:\/\/diarioregionaldigital.com.br\/index.php?rest_route=%2Fwp%2Fv2%2Fcomments&post=95132"}],"version-history":[{"count":0,"href":"https:\/\/diarioregionaldigital.com.br\/index.php?rest_route=\/wp\/v2\/posts\/95132\/revisions"}],"wp:featuredmedia":[{"embeddable":true,"href":"https:\/\/diarioregionaldigital.com.br\/index.php?rest_route=\/wp\/v2\/media\/95131"}],"wp:attachment":[{"href":"https:\/\/diarioregionaldigital.com.br\/index.php?rest_route=%2Fwp%2Fv2%2Fmedia&parent=95132"}],"wp:term":[{"taxonomy":"category","embeddable":true,"href":"https:\/\/diarioregionaldigital.com.br\/index.php?rest_route=%2Fwp%2Fv2%2Fcategories&post=95132"},{"taxonomy":"post_tag","embeddable":true,"href":"https:\/\/diarioregionaldigital.com.br\/index.php?rest_route=%2Fwp%2Fv2%2Ftags&post=95132"}],"curies":[{"name":"wp","href":"https:\/\/api.w.org\/{rel}","templated":true}]}}