{"id":95130,"date":"2018-04-04T13:24:52","date_gmt":"2018-04-04T16:24:52","guid":{"rendered":"http:\/\/diarioregionaljf.com.br\/2018\/04\/04\/tupi-se-reapresenta-em-santa-terezinha-sem-renato-kayser\/"},"modified":"2018-04-04T13:24:52","modified_gmt":"2018-04-04T16:24:52","slug":"tupi-se-reapresenta-em-santa-terezinha-sem-renato-kayser","status":"publish","type":"post","link":"https:\/\/diarioregionaldigital.com.br\/?p=95130","title":{"rendered":"Tupi se reapresenta em Santa Terezinha sem Renato Kayser"},"content":{"rendered":"<p>A equipe do Tupi se reapresentou na tarde desta segunda-feira, 2, no campo de Santa Terezinha, em Juiz de Fora.<\/p>\n<p>Renato Kayser artilheiro do Campeonato Mineiro pela equipe n\u00e3o se reapresentou ainda. Atacante deve decidir seu futuro nos pr\u00f3ximos dias.<\/p>\n<p>Emprestado pelo Vasco, o atacante Renato Kayser viu a boa participa\u00e7\u00e3o no Campeonato Mineiro despertar o interesse de equipes da elite do futebol nacional. No radar do Am\u00e9rica-MG,&nbsp;Atl\u00e9tico-GO, Goi\u00e1s e segundo o jornal Di\u00e1rio Carioca at\u00e9 o Fluminense estaria monitorando Kayser.<\/p>\n<p>Apenas duas sa\u00eddas foram confirmadas. Pouco aproveitados na temporada, os atacantes Diogo e Igor n\u00e3o tiveram contratos renovados. Destaques como o lateral-esquerdo Patrick Brey, o meia Vitinho e o volante Leo Costa que seguem na equipe.<\/p>\n<p>O Tupi manifestou interesse em continuar com o atacante Vitinho, emprestado pelo Am\u00e9rica at\u00e9 junho. L\u00e9o Salino, com contrato que termina em maio, tamb\u00e9m est\u00e1 entre os interesses de renova\u00e7\u00e3o do Tupi.<\/p>\n","protected":false},"excerpt":{"rendered":"<p>A equipe do Tupi se reapresentou na tarde desta segunda-feira, 2, no campo de Santa Terezinha, em Juiz de Fora. Renato Kayser artilheiro do Campeonato Mineiro pela equipe n\u00e3o se reapresentou ainda. Atacante deve decidir seu futuro nos pr\u00f3ximos dias. Emprestado pelo Vasco, o atacante Renato Kayser viu a boa participa\u00e7\u00e3o no Campeonato Mineiro despertar [&hellip;]<\/p>\n","protected":false},"author":96,"featured_media":95129,"comment_status":"closed","ping_status":"closed","sticky":false,"template":"","format":"standard","meta":{"footnotes":""},"categories":[257],"tags":[],"class_list":["post-95130","post","type-post","status-publish","format-standard","has-post-thumbnail","hentry","category-esporte"],"_links":{"self":[{"href":"https:\/\/diarioregionaldigital.com.br\/index.php?rest_route=\/wp\/v2\/posts\/95130","targetHints":{"allow":["GET"]}}],"collection":[{"href":"https:\/\/diarioregionaldigital.com.br\/index.php?rest_route=\/wp\/v2\/posts"}],"about":[{"href":"https:\/\/diarioregionaldigital.com.br\/index.php?rest_route=\/wp\/v2\/types\/post"}],"author":[{"embeddable":true,"href":"https:\/\/diarioregionaldigital.com.br\/index.php?rest_route=\/wp\/v2\/users\/96"}],"replies":[{"embeddable":true,"href":"https:\/\/diarioregionaldigital.com.br\/index.php?rest_route=%2Fwp%2Fv2%2Fcomments&post=95130"}],"version-history":[{"count":0,"href":"https:\/\/diarioregionaldigital.com.br\/index.php?rest_route=\/wp\/v2\/posts\/95130\/revisions"}],"wp:featuredmedia":[{"embeddable":true,"href":"https:\/\/diarioregionaldigital.com.br\/index.php?rest_route=\/wp\/v2\/media\/95129"}],"wp:attachment":[{"href":"https:\/\/diarioregionaldigital.com.br\/index.php?rest_route=%2Fwp%2Fv2%2Fmedia&parent=95130"}],"wp:term":[{"taxonomy":"category","embeddable":true,"href":"https:\/\/diarioregionaldigital.com.br\/index.php?rest_route=%2Fwp%2Fv2%2Fcategories&post=95130"},{"taxonomy":"post_tag","embeddable":true,"href":"https:\/\/diarioregionaldigital.com.br\/index.php?rest_route=%2Fwp%2Fv2%2Ftags&post=95130"}],"curies":[{"name":"wp","href":"https:\/\/api.w.org\/{rel}","templated":true}]}}