{"id":95128,"date":"2018-04-04T12:45:27","date_gmt":"2018-04-04T15:45:27","guid":{"rendered":"http:\/\/diarioregionaljf.com.br\/2018\/04\/04\/governo-manifesta-preocupacao-com-violencia-na-fronteira-entre-gaza-e-israel\/"},"modified":"2018-04-04T12:45:27","modified_gmt":"2018-04-04T15:45:27","slug":"governo-manifesta-preocupacao-com-violencia-na-fronteira-entre-gaza-e-israel","status":"publish","type":"post","link":"https:\/\/diarioregionaldigital.com.br\/?p=95128","title":{"rendered":"Governo manifesta preocupa\u00e7\u00e3o com viol\u00eancia na fronteira entre Gaza e Israel"},"content":{"rendered":"<p>Em nota divulgada nessa semana, o governo brasileiro manifesta grande preocupa\u00e7\u00e3o com o quadro de viol\u00eancia na fronteira entre Gaza e Israel, no \u00faltimo dia 30 de mar\u00e7o, que deixou ao menos 17 palestinos mortos e mais de 1.400 feridos.<\/p>\n<p>&#8220;O Brasil expressa condol\u00eancias \u00e0s fam\u00edlias das v\u00edtimas e formula votos de plena recupera\u00e7\u00e3o dos feridos&#8221;, acrescenta a nota, divulgada pelo Itamaraty.<\/p>\n<p>De acordo com o comunicado, o governo brasileiro conclama \u00e0 modera\u00e7\u00e3o e reitera o imperativo da plena observ\u00e2ncia do direito internacional e do direito humanit\u00e1rio.<\/p>\n<p>Os incidentes e enfrentamentos foram registrados sexta-feira (30), na fronteira entre a Faixa de Gaza e Israel, durante o protesto denominado Grande Marcha do Retorno, convocado pelo Hamas por ocasi\u00e3o do Dia da Terra.<\/p>\n<p>Milhares de pessoas se aproximaram da cerca divis\u00f3ria em seis pontos da Faixa e o Ex\u00e9rcito israelense respondeu com bombas de g\u00e1s lacrimog\u00eaneo e outros meios de dispers\u00e3o, assim como muni\u00e7\u00e3o real contra os que se aproximaram da cerca al\u00e9m do permitido.<\/p>\n<p>Fonte: Ag\u00eancia Brasil<\/p>\n","protected":false},"excerpt":{"rendered":"<p>Em nota divulgada nessa semana, o governo brasileiro manifesta grande preocupa\u00e7\u00e3o com o quadro de viol\u00eancia na fronteira entre Gaza e Israel, no \u00faltimo dia 30 de mar\u00e7o, que deixou ao menos 17 palestinos mortos e mais de 1.400 feridos. &#8220;O Brasil expressa condol\u00eancias \u00e0s fam\u00edlias das v\u00edtimas e formula votos de plena recupera\u00e7\u00e3o dos [&hellip;]<\/p>\n","protected":false},"author":96,"featured_media":95127,"comment_status":"closed","ping_status":"closed","sticky":false,"template":"","format":"standard","meta":{"footnotes":""},"categories":[302],"tags":[],"class_list":["post-95128","post","type-post","status-publish","format-standard","has-post-thumbnail","hentry","category-brasil-mundo"],"_links":{"self":[{"href":"https:\/\/diarioregionaldigital.com.br\/index.php?rest_route=\/wp\/v2\/posts\/95128","targetHints":{"allow":["GET"]}}],"collection":[{"href":"https:\/\/diarioregionaldigital.com.br\/index.php?rest_route=\/wp\/v2\/posts"}],"about":[{"href":"https:\/\/diarioregionaldigital.com.br\/index.php?rest_route=\/wp\/v2\/types\/post"}],"author":[{"embeddable":true,"href":"https:\/\/diarioregionaldigital.com.br\/index.php?rest_route=\/wp\/v2\/users\/96"}],"replies":[{"embeddable":true,"href":"https:\/\/diarioregionaldigital.com.br\/index.php?rest_route=%2Fwp%2Fv2%2Fcomments&post=95128"}],"version-history":[{"count":0,"href":"https:\/\/diarioregionaldigital.com.br\/index.php?rest_route=\/wp\/v2\/posts\/95128\/revisions"}],"wp:featuredmedia":[{"embeddable":true,"href":"https:\/\/diarioregionaldigital.com.br\/index.php?rest_route=\/wp\/v2\/media\/95127"}],"wp:attachment":[{"href":"https:\/\/diarioregionaldigital.com.br\/index.php?rest_route=%2Fwp%2Fv2%2Fmedia&parent=95128"}],"wp:term":[{"taxonomy":"category","embeddable":true,"href":"https:\/\/diarioregionaldigital.com.br\/index.php?rest_route=%2Fwp%2Fv2%2Fcategories&post=95128"},{"taxonomy":"post_tag","embeddable":true,"href":"https:\/\/diarioregionaldigital.com.br\/index.php?rest_route=%2Fwp%2Fv2%2Ftags&post=95128"}],"curies":[{"name":"wp","href":"https:\/\/api.w.org\/{rel}","templated":true}]}}