{"id":95120,"date":"2018-04-04T12:23:21","date_gmt":"2018-04-04T15:23:21","guid":{"rendered":"http:\/\/diarioregionaljf.com.br\/2018\/04\/04\/policiais-realizam-operacao-na-divisa-de-minas-com-o-rio-de-janeiro\/"},"modified":"2018-04-04T12:23:21","modified_gmt":"2018-04-04T15:23:21","slug":"policiais-realizam-operacao-na-divisa-de-minas-com-o-rio-de-janeiro","status":"publish","type":"post","link":"https:\/\/diarioregionaldigital.com.br\/?p=95120","title":{"rendered":"Policiais realizam opera\u00e7\u00e3o na divisa de Minas com o Rio de Janeiro"},"content":{"rendered":"<p>Agentes da Pol\u00edcia Militar (PM), da Pol\u00edcia Civil (PC) e da Pol\u00edcia Rodovi\u00e1ria Federal (PRF) de Juiz de Fora iniciaram, na manh\u00e3 desta quarta-feira, 4, uma a\u00e7\u00e3o de fiscaliza\u00e7\u00e3o na divisa com o Rio de Janeiro. A &#8216;Opera\u00e7\u00e3o Fronteira + Segura&#8217; faz parte de uma s\u00e9rie de a\u00e7\u00f5es que vem sendo adotadas pelos \u00f3rg\u00e3os de seguran\u00e7a mineiros desde a interven\u00e7\u00e3o federal no estado vizinho e visa impedir a entrada de criminosos em Minas Gerais.<\/p>\n<p>As a\u00e7\u00f5es de fiscaliza\u00e7\u00e3o come\u00e7aram por volta das 7h e acontecem pr\u00f3ximo \u00e0 pra\u00e7a de ped\u00e1gio de Sim\u00e3o Pereira, na altura do Km 814 da BR-040. A opera\u00e7\u00e3o conta com apoio de um helic\u00f3ptero da PC e com o Centro Integrado de Comando e Controle M\u00f3vel (CICC M\u00f3vel), carreta com tecnologia embarcada e c\u00e2meras que se elevam a 30 metros, alcan\u00e7ando um raio de at\u00e9 cinco quil\u00f4metros.<\/p>\n<p>Tamb\u00e9m participam da opera\u00e7\u00e3o a Secretaria de Estado de Administra\u00e7\u00e3o Prisional (Seap), a Coordenadoria de Integra\u00e7\u00e3o de Intelig\u00eancia de Seguran\u00e7a P\u00fablica e o Centro Integrado de Comando e Controle Regional.<\/p>\n","protected":false},"excerpt":{"rendered":"<p>Agentes da Pol\u00edcia Militar (PM), da Pol\u00edcia Civil (PC) e da Pol\u00edcia Rodovi\u00e1ria Federal (PRF) de Juiz de Fora iniciaram, na manh\u00e3 desta quarta-feira, 4, uma a\u00e7\u00e3o de fiscaliza\u00e7\u00e3o na divisa com o Rio de Janeiro. A &#8216;Opera\u00e7\u00e3o Fronteira + Segura&#8217; faz parte de uma s\u00e9rie de a\u00e7\u00f5es que vem sendo adotadas pelos \u00f3rg\u00e3os de [&hellip;]<\/p>\n","protected":false},"author":96,"featured_media":95119,"comment_status":"closed","ping_status":"closed","sticky":false,"template":"","format":"standard","meta":{"footnotes":""},"categories":[253],"tags":[],"class_list":["post-95120","post","type-post","status-publish","format-standard","has-post-thumbnail","hentry","category-cidade"],"_links":{"self":[{"href":"https:\/\/diarioregionaldigital.com.br\/index.php?rest_route=\/wp\/v2\/posts\/95120","targetHints":{"allow":["GET"]}}],"collection":[{"href":"https:\/\/diarioregionaldigital.com.br\/index.php?rest_route=\/wp\/v2\/posts"}],"about":[{"href":"https:\/\/diarioregionaldigital.com.br\/index.php?rest_route=\/wp\/v2\/types\/post"}],"author":[{"embeddable":true,"href":"https:\/\/diarioregionaldigital.com.br\/index.php?rest_route=\/wp\/v2\/users\/96"}],"replies":[{"embeddable":true,"href":"https:\/\/diarioregionaldigital.com.br\/index.php?rest_route=%2Fwp%2Fv2%2Fcomments&post=95120"}],"version-history":[{"count":0,"href":"https:\/\/diarioregionaldigital.com.br\/index.php?rest_route=\/wp\/v2\/posts\/95120\/revisions"}],"wp:featuredmedia":[{"embeddable":true,"href":"https:\/\/diarioregionaldigital.com.br\/index.php?rest_route=\/wp\/v2\/media\/95119"}],"wp:attachment":[{"href":"https:\/\/diarioregionaldigital.com.br\/index.php?rest_route=%2Fwp%2Fv2%2Fmedia&parent=95120"}],"wp:term":[{"taxonomy":"category","embeddable":true,"href":"https:\/\/diarioregionaldigital.com.br\/index.php?rest_route=%2Fwp%2Fv2%2Fcategories&post=95120"},{"taxonomy":"post_tag","embeddable":true,"href":"https:\/\/diarioregionaldigital.com.br\/index.php?rest_route=%2Fwp%2Fv2%2Ftags&post=95120"}],"curies":[{"name":"wp","href":"https:\/\/api.w.org\/{rel}","templated":true}]}}