{"id":95118,"date":"2018-04-04T12:20:26","date_gmt":"2018-04-04T15:20:26","guid":{"rendered":"http:\/\/diarioregionaljf.com.br\/2018\/04\/04\/em-rede-social-comandante-do-exercito-posta-mensagem-de-repudio-a-impunidade\/"},"modified":"2018-04-04T12:20:26","modified_gmt":"2018-04-04T15:20:26","slug":"em-rede-social-comandante-do-exercito-posta-mensagem-de-repudio-a-impunidade","status":"publish","type":"post","link":"https:\/\/diarioregionaldigital.com.br\/?p=95118","title":{"rendered":"Em rede social, comandante do Ex\u00e9rcito posta mensagem de &#8220;rep\u00fadio \u00e0 impunidade&#8221;"},"content":{"rendered":"<p>O comandante do Ex\u00e9rcito, general Eduardo Villas Boas, usou a rede social Twitter na noite dessa ter\u00e7a-feira, 3, para declarar rep\u00fadio \u00e0 impunidade no pa\u00eds. Em duas mensagens postadas na rede social, o general diz que a Constitui\u00e7\u00e3o deve ser respeitada e que o Ex\u00e9rcito compartilha dos anseios da sociedade.<\/p>\n<p>&#8220;Asseguro \u00e0 Na\u00e7\u00e3o que o Ex\u00e9rcito brasileiro julga compartilhar o anseio de todos os cidad\u00e3os de bem de rep\u00fadio \u00e0 impunidade e de respeito \u00e0 Constitui\u00e7\u00e3o, \u00e0 paz social e \u00e0 democracia, bem como se mant\u00e9m atento \u00e0s suas miss\u00f5es institucionais. Nessa situa\u00e7\u00e3o que vive o Brasil, resta perguntar \u00e0s institui\u00e7\u00f5es e ao povo quem realmente est\u00e1 pensando no bem do pa\u00eds e das gera\u00e7\u00f5es futuras e quem est\u00e1 preocupado apenas com interesses pessoais?&#8221;, disse o comandante nas postagens.<\/p>\n<p>Fonte: Ag\u00eancia Brasil<\/p>\n","protected":false},"excerpt":{"rendered":"<p>O comandante do Ex\u00e9rcito, general Eduardo Villas Boas, usou a rede social Twitter na noite dessa ter\u00e7a-feira, 3, para declarar rep\u00fadio \u00e0 impunidade no pa\u00eds. Em duas mensagens postadas na rede social, o general diz que a Constitui\u00e7\u00e3o deve ser respeitada e que o Ex\u00e9rcito compartilha dos anseios da sociedade. &#8220;Asseguro \u00e0 Na\u00e7\u00e3o que o [&hellip;]<\/p>\n","protected":false},"author":96,"featured_media":95117,"comment_status":"closed","ping_status":"closed","sticky":false,"template":"","format":"standard","meta":{"footnotes":""},"categories":[254],"tags":[],"class_list":["post-95118","post","type-post","status-publish","format-standard","has-post-thumbnail","hentry","category-politica"],"_links":{"self":[{"href":"https:\/\/diarioregionaldigital.com.br\/index.php?rest_route=\/wp\/v2\/posts\/95118","targetHints":{"allow":["GET"]}}],"collection":[{"href":"https:\/\/diarioregionaldigital.com.br\/index.php?rest_route=\/wp\/v2\/posts"}],"about":[{"href":"https:\/\/diarioregionaldigital.com.br\/index.php?rest_route=\/wp\/v2\/types\/post"}],"author":[{"embeddable":true,"href":"https:\/\/diarioregionaldigital.com.br\/index.php?rest_route=\/wp\/v2\/users\/96"}],"replies":[{"embeddable":true,"href":"https:\/\/diarioregionaldigital.com.br\/index.php?rest_route=%2Fwp%2Fv2%2Fcomments&post=95118"}],"version-history":[{"count":0,"href":"https:\/\/diarioregionaldigital.com.br\/index.php?rest_route=\/wp\/v2\/posts\/95118\/revisions"}],"wp:featuredmedia":[{"embeddable":true,"href":"https:\/\/diarioregionaldigital.com.br\/index.php?rest_route=\/wp\/v2\/media\/95117"}],"wp:attachment":[{"href":"https:\/\/diarioregionaldigital.com.br\/index.php?rest_route=%2Fwp%2Fv2%2Fmedia&parent=95118"}],"wp:term":[{"taxonomy":"category","embeddable":true,"href":"https:\/\/diarioregionaldigital.com.br\/index.php?rest_route=%2Fwp%2Fv2%2Fcategories&post=95118"},{"taxonomy":"post_tag","embeddable":true,"href":"https:\/\/diarioregionaldigital.com.br\/index.php?rest_route=%2Fwp%2Fv2%2Ftags&post=95118"}],"curies":[{"name":"wp","href":"https:\/\/api.w.org\/{rel}","templated":true}]}}