{"id":95116,"date":"2018-04-04T12:15:31","date_gmt":"2018-04-04T15:15:31","guid":{"rendered":"http:\/\/diarioregionaljf.com.br\/2018\/04\/04\/raquel-dodge-alerta-para-risco-de-retrocesso-na-credibilidade-do-stf\/"},"modified":"2018-04-04T12:15:31","modified_gmt":"2018-04-04T15:15:31","slug":"raquel-dodge-alerta-para-risco-de-retrocesso-na-credibilidade-do-stf","status":"publish","type":"post","link":"https:\/\/diarioregionaldigital.com.br\/?p=95116","title":{"rendered":"Raquel Dodge alerta para risco de retrocesso na credibilidade do STF"},"content":{"rendered":"<p>Em nova manifesta\u00e7\u00e3o sobre o julgamento do ex-presidente Luiz In\u00e1cio Lula da Silva, a procuradora-geral da Rep\u00fablica, Raquel Dodge, disse nessa ter\u00e7a-feira, 3, que a eventual mudan\u00e7a de entendimento do Supremo Tribunal Federal (STF) sobre a autoriza\u00e7\u00e3o para pris\u00e3o ap\u00f3s fim dos recursos na segunda inst\u00e2ncia da Justi\u00e7a representar\u00e1 retrocesso na credibilidade da sociedade perante a Justi\u00e7a e o STF.<\/p>\n<p>De acordo com a procuradora-geral, a mudan\u00e7a da jurisprud\u00eancia representaria \u201ctripo retrocesso\u201d: na estabilidade das decis\u00f5es do STF; na efetividade do processo penal; \u201ce para a pr\u00f3pria credibilidade da sociedade na Justi\u00e7a e nesta Suprema Corte, como resultado da restaura\u00e7\u00e3o da sensa\u00e7\u00e3o de impunidade que vigorava\u201d antes da decis\u00e3o do Supremo que confirmou a possibilidade de pris\u00e3o ap\u00f3s condena\u00e7\u00e3o em segunda inst\u00e2ncia.<\/p>\n<p>A manifesta\u00e7\u00e3o foi motivada pelo julgamento, marcado para esta quarta-feira, 4, do habeas corpus protocolado pela defesa do ex-presidente Luiz In\u00e1cio Lula da Silva para evitar a execu\u00e7\u00e3o provis\u00f3ria da pena de 12 anos e um m\u00eas de pris\u00e3o na a\u00e7\u00e3o penal do triplex do Guaruj\u00e1 (SP), um dos processos da Opera\u00e7\u00e3o Lava Jato.<\/p>\n<p>Em parecer enviado no in\u00edcio da noite aos ministros do Supremo, Dodge defendeu manuten\u00e7\u00e3o do entendimento da Corte, que, em 2016, autorizou a execu\u00e7\u00e3o provis\u00f3ria da pena de condenados pela segunda inst\u00e2ncia que tiveram todos os recursos julgados.<\/p>\n<p>Para a procuradora, a eventual mudan\u00e7a no entendimento vai \u201cfavorecer a impunidade no pa\u00eds\u201d.<\/p>\n<p>\u201cO entendimento resultante desse recente precedente era e continua sendo o eco de um sentimento, compartilhado pela sociedade civil e por atores da esfera jur\u00eddica, de que a exig\u00eancia de se aguardar o tr\u00e2nsito em julgado da senten\u00e7a penal condenat\u00f3ria para, s\u00f3 ent\u00e3o, autorizar-se o recolhimento \u00e0 pris\u00e3o do r\u00e9u condenado, \u00e9 injusta e errada, basicamente por favorecer a impunidade no pa\u00eds\u201d, argumenta Raquel Dodge.<\/p>\n<p>Mais cedo, durante sess\u00e3o do Conselho Superior do Minist\u00e9rio P\u00fablico (CSMP), a procuradora-geral chamou de \u201cexagero\u201d, capaz de \u201caniquilar o sistema de Justi\u00e7a\u201d, a poss\u00edvel mudan\u00e7a de entendimento.<\/p>\n<p>Fonte: Ag\u00eancia Brasil<\/p>\n","protected":false},"excerpt":{"rendered":"<p>Em nova manifesta\u00e7\u00e3o sobre o julgamento do ex-presidente Luiz In\u00e1cio Lula da Silva, a procuradora-geral da Rep\u00fablica, Raquel Dodge, disse nessa ter\u00e7a-feira, 3, que a eventual mudan\u00e7a de entendimento do Supremo Tribunal Federal (STF) sobre a autoriza\u00e7\u00e3o para pris\u00e3o ap\u00f3s fim dos recursos na segunda inst\u00e2ncia da Justi\u00e7a representar\u00e1 retrocesso na credibilidade da sociedade perante [&hellip;]<\/p>\n","protected":false},"author":96,"featured_media":95115,"comment_status":"closed","ping_status":"closed","sticky":false,"template":"","format":"standard","meta":{"footnotes":""},"categories":[254],"tags":[],"class_list":["post-95116","post","type-post","status-publish","format-standard","has-post-thumbnail","hentry","category-politica"],"_links":{"self":[{"href":"https:\/\/diarioregionaldigital.com.br\/index.php?rest_route=\/wp\/v2\/posts\/95116","targetHints":{"allow":["GET"]}}],"collection":[{"href":"https:\/\/diarioregionaldigital.com.br\/index.php?rest_route=\/wp\/v2\/posts"}],"about":[{"href":"https:\/\/diarioregionaldigital.com.br\/index.php?rest_route=\/wp\/v2\/types\/post"}],"author":[{"embeddable":true,"href":"https:\/\/diarioregionaldigital.com.br\/index.php?rest_route=\/wp\/v2\/users\/96"}],"replies":[{"embeddable":true,"href":"https:\/\/diarioregionaldigital.com.br\/index.php?rest_route=%2Fwp%2Fv2%2Fcomments&post=95116"}],"version-history":[{"count":0,"href":"https:\/\/diarioregionaldigital.com.br\/index.php?rest_route=\/wp\/v2\/posts\/95116\/revisions"}],"wp:featuredmedia":[{"embeddable":true,"href":"https:\/\/diarioregionaldigital.com.br\/index.php?rest_route=\/wp\/v2\/media\/95115"}],"wp:attachment":[{"href":"https:\/\/diarioregionaldigital.com.br\/index.php?rest_route=%2Fwp%2Fv2%2Fmedia&parent=95116"}],"wp:term":[{"taxonomy":"category","embeddable":true,"href":"https:\/\/diarioregionaldigital.com.br\/index.php?rest_route=%2Fwp%2Fv2%2Fcategories&post=95116"},{"taxonomy":"post_tag","embeddable":true,"href":"https:\/\/diarioregionaldigital.com.br\/index.php?rest_route=%2Fwp%2Fv2%2Ftags&post=95116"}],"curies":[{"name":"wp","href":"https:\/\/api.w.org\/{rel}","templated":true}]}}