{"id":95112,"date":"2018-04-04T11:28:24","date_gmt":"2018-04-04T14:28:24","guid":{"rendered":"http:\/\/diarioregionaljf.com.br\/2018\/04\/04\/tiroteio-na-zona-sul-do-rio-termina-com-dois-mortos-e-dois-feridos\/"},"modified":"2018-04-04T11:28:24","modified_gmt":"2018-04-04T14:28:24","slug":"tiroteio-na-zona-sul-do-rio-termina-com-dois-mortos-e-dois-feridos","status":"publish","type":"post","link":"https:\/\/diarioregionaldigital.com.br\/?p=95112","title":{"rendered":"Tiroteio na zona sul do Rio termina com dois mortos e dois feridos"},"content":{"rendered":"<p>Um tiroteio entre policiais e criminosos nas ruas da Lagoa, na zona sul do Rio de Janeiro, deixou dois mortos e dois feridos na noite de ontem, 3. De acordo com a Pol\u00edcia Militar, assaltantes invadiram e roubaram uma casa na localidade da Fonte da Saudade.<\/p>\n<p>Os policiais foram acionados por volta das 22h e se depararam com os criminosos. Houve uma persegui\u00e7\u00e3o na Avenida Borges de Medeiros. Depois que os assaltantes abandonaram o carro, os policiais montaram um cerco e trocaram tiros com os criminosos.<\/p>\n<p>Duas pessoas morreram e duas ficaram feridas no confronto. De acordo com a Pol\u00edcia Militar, os quatro estavam envolvidos na troca de tiros com os policiais.<\/p>\n<p>O primeiro ferido foi preso ainda no local do confronto. O segundo ferido foi detido j\u00e1 na Cidade Nova, na regi\u00e3o central. Um quinto suspeito foi preso na Rua Jardim Bot\u00e2nico.<\/p>\n<p>&nbsp;<\/p>\n<p>Fonte: Ag\u00eancia Brasil<\/p>\n","protected":false},"excerpt":{"rendered":"<p>Um tiroteio entre policiais e criminosos nas ruas da Lagoa, na zona sul do Rio de Janeiro, deixou dois mortos e dois feridos na noite de ontem, 3. De acordo com a Pol\u00edcia Militar, assaltantes invadiram e roubaram uma casa na localidade da Fonte da Saudade. Os policiais foram acionados por volta das 22h e [&hellip;]<\/p>\n","protected":false},"author":96,"featured_media":95111,"comment_status":"closed","ping_status":"closed","sticky":false,"template":"","format":"standard","meta":{"footnotes":""},"categories":[302],"tags":[],"class_list":["post-95112","post","type-post","status-publish","format-standard","has-post-thumbnail","hentry","category-brasil-mundo"],"_links":{"self":[{"href":"https:\/\/diarioregionaldigital.com.br\/index.php?rest_route=\/wp\/v2\/posts\/95112","targetHints":{"allow":["GET"]}}],"collection":[{"href":"https:\/\/diarioregionaldigital.com.br\/index.php?rest_route=\/wp\/v2\/posts"}],"about":[{"href":"https:\/\/diarioregionaldigital.com.br\/index.php?rest_route=\/wp\/v2\/types\/post"}],"author":[{"embeddable":true,"href":"https:\/\/diarioregionaldigital.com.br\/index.php?rest_route=\/wp\/v2\/users\/96"}],"replies":[{"embeddable":true,"href":"https:\/\/diarioregionaldigital.com.br\/index.php?rest_route=%2Fwp%2Fv2%2Fcomments&post=95112"}],"version-history":[{"count":0,"href":"https:\/\/diarioregionaldigital.com.br\/index.php?rest_route=\/wp\/v2\/posts\/95112\/revisions"}],"wp:featuredmedia":[{"embeddable":true,"href":"https:\/\/diarioregionaldigital.com.br\/index.php?rest_route=\/wp\/v2\/media\/95111"}],"wp:attachment":[{"href":"https:\/\/diarioregionaldigital.com.br\/index.php?rest_route=%2Fwp%2Fv2%2Fmedia&parent=95112"}],"wp:term":[{"taxonomy":"category","embeddable":true,"href":"https:\/\/diarioregionaldigital.com.br\/index.php?rest_route=%2Fwp%2Fv2%2Fcategories&post=95112"},{"taxonomy":"post_tag","embeddable":true,"href":"https:\/\/diarioregionaldigital.com.br\/index.php?rest_route=%2Fwp%2Fv2%2Ftags&post=95112"}],"curies":[{"name":"wp","href":"https:\/\/api.w.org\/{rel}","templated":true}]}}