{"id":95103,"date":"2018-04-03T23:11:39","date_gmt":"2018-04-04T02:11:39","guid":{"rendered":"http:\/\/diarioregionaljf.com.br\/2018\/04\/03\/suposto-caso-de-linchamento-levanta-questoes-sociais-e-de-seguranca\/"},"modified":"2018-04-03T23:11:39","modified_gmt":"2018-04-04T02:11:39","slug":"suposto-caso-de-linchamento-levanta-questoes-sociais-e-de-seguranca","status":"publish","type":"post","link":"https:\/\/diarioregionaldigital.com.br\/?p=95103","title":{"rendered":"Suposto caso de linchamento levanta quest\u00f5es sociais e de seguran\u00e7a"},"content":{"rendered":"<p>Um registro em uma rede social de um suposto caso de linchamento ocorrido no Centro da cidade, no \u00faltimo domingo, 1\u00b0 de abril, chamou a aten\u00e7\u00e3o da reportagem do Di\u00e1rio Regional. Conforme a publica\u00e7\u00e3o, uma mulher, acusada de furtar dinheiro de um homem, teria sido agredida pela popula\u00e7\u00e3o at\u00e9 ficar com o corpo completamente machucado. Ainda segundo a postagem, depois da chegada da Pol\u00edcia Militar (PM) ao local, o homem afirmou que havia confundido a v\u00edtima com outra pessoa. Apesar de a PM n\u00e3o ter registrada nenhuma ocorr\u00eancia do fato, o assessor de comunica\u00e7\u00e3o da 4\u00aa Regi\u00e3o PM, major Jovanio Campos revela que casos como esse, mesmo que em pequena escala, t\u00eam sido relatados para a corpora\u00e7\u00e3o.<\/p>\n<p>\u201cS\u00e3o situa\u00e7\u00f5es que vire e mexe aparecem. O indiv\u00edduo, acreditando que a Justi\u00e7a vai demorar a penalizar aquela pessoa que praticou o crime, tem a sensa\u00e7\u00e3o de que ao realizar uma a\u00e7\u00e3o, vai ser melhor e acaba fazendo justi\u00e7a com as pr\u00f3prias m\u00e3os\u201d, afirma.<\/p>\n<p>Major tamb\u00e9m ressalta os riscos ao qual a popula\u00e7\u00e3o est\u00e1 exposta. \u201cOs criminosos t\u00eam fam\u00edlias, amigos, participam de fac\u00e7\u00f5es, quadrilhas e podem revidar. Al\u00e9m disso, eles podem estar portando alguma arma e tudo pode se tornar uma trag\u00e9dia\u201d, explica.<\/p>\n<p>A velocidade em que as informa\u00e7\u00f5es circulam pelas redes sociais est\u00e1 relacionada ao desencadeamento dos casos. \u201c\u00c9 um espa\u00e7o usado por pessoas mal-intencionadas para propagar o medo, a mentira. Existem casos de pessoas de bem que foram expostas de forma errada na rede ou confundidas nas ruas e foram agredidas. As pessoas n\u00e3o se certificam, n\u00e3o analisam se o que foi compartilhado \u00e9 verdadeiro e partem para agress\u00e3o\u201d, recorda.<\/p>\n<h4>&nbsp;<\/h4>\n<h4>ATUA\u00c7\u00c3O DO ESTADO CONTRIBUI PARA A\u00c7\u00c3O<\/h4>\n<p>Para o advogado Luciano Franco Ribeiro, os casos de linchamento s\u00e3o resultado de intoler\u00e2ncia generalizada existente no pa\u00eds. \u201cDiante da falta de uma cultura de pacifica\u00e7\u00e3o social e da intoler\u00e2ncia do medo, esse tipo de coisa acontece. Principalmente, pela aus\u00eancia do estado no sentido de que n\u00e3o existe pol\u00edcia ou justi\u00e7a\u201d, refor\u00e7a.<\/p>\n<p>O advogado lembra ainda que n\u00e3o sabemos se a pessoa julgada cometeu ou n\u00e3o uma infra\u00e7\u00e3o. \u201cO acusado tem direito ao benef\u00edcio da d\u00favida, ou seja, ele tem que responder da maneira correta e se defender do que foi denunciado. Quando estamos de fora da situa\u00e7\u00e3o, n\u00e3o sabemos o que realmente est\u00e1 acontecendo e atuamos de forma contr\u00e1ria, em que \u00e0s vezes, liberamos o bandido e capturamos o indiv\u00edduo de bem. Por isso, \u00e9 preciso chamar os \u00f3rg\u00e3os de compet\u00eancia\u201d.<\/p>\n<p>A atitude de fazer justi\u00e7a com as pr\u00f3prias m\u00e3os pode trazer consequ\u00eancias, de acordo com Ribeiro. \u201cA Constitui\u00e7\u00e3o permite ao cidad\u00e3o ter voz de pris\u00e3o diante de um delito, mas a pol\u00edcia precisa ser acionada. As pessoas precisam lembrar que o ato de agredir tamb\u00e9m \u00e9 caracterizado crime e elas responder\u00e3o por isso. Cabe at\u00e9 uma indeniza\u00e7\u00e3o pelo sofrimento da v\u00edtima, caso ela seja agredida injustamente\u201d, diz.<\/p>\n","protected":false},"excerpt":{"rendered":"<p>Um registro em uma rede social de um suposto caso de linchamento ocorrido no Centro da cidade, no \u00faltimo domingo, 1\u00b0 de abril, chamou a aten\u00e7\u00e3o da reportagem do Di\u00e1rio Regional. Conforme a publica\u00e7\u00e3o, uma mulher, acusada de furtar dinheiro de um homem, teria sido agredida pela popula\u00e7\u00e3o at\u00e9 ficar com o corpo completamente machucado. [&hellip;]<\/p>\n","protected":false},"author":96,"featured_media":95102,"comment_status":"closed","ping_status":"closed","sticky":false,"template":"","format":"standard","meta":{"footnotes":""},"categories":[253],"tags":[],"class_list":["post-95103","post","type-post","status-publish","format-standard","has-post-thumbnail","hentry","category-cidade"],"_links":{"self":[{"href":"https:\/\/diarioregionaldigital.com.br\/index.php?rest_route=\/wp\/v2\/posts\/95103","targetHints":{"allow":["GET"]}}],"collection":[{"href":"https:\/\/diarioregionaldigital.com.br\/index.php?rest_route=\/wp\/v2\/posts"}],"about":[{"href":"https:\/\/diarioregionaldigital.com.br\/index.php?rest_route=\/wp\/v2\/types\/post"}],"author":[{"embeddable":true,"href":"https:\/\/diarioregionaldigital.com.br\/index.php?rest_route=\/wp\/v2\/users\/96"}],"replies":[{"embeddable":true,"href":"https:\/\/diarioregionaldigital.com.br\/index.php?rest_route=%2Fwp%2Fv2%2Fcomments&post=95103"}],"version-history":[{"count":0,"href":"https:\/\/diarioregionaldigital.com.br\/index.php?rest_route=\/wp\/v2\/posts\/95103\/revisions"}],"wp:featuredmedia":[{"embeddable":true,"href":"https:\/\/diarioregionaldigital.com.br\/index.php?rest_route=\/wp\/v2\/media\/95102"}],"wp:attachment":[{"href":"https:\/\/diarioregionaldigital.com.br\/index.php?rest_route=%2Fwp%2Fv2%2Fmedia&parent=95103"}],"wp:term":[{"taxonomy":"category","embeddable":true,"href":"https:\/\/diarioregionaldigital.com.br\/index.php?rest_route=%2Fwp%2Fv2%2Fcategories&post=95103"},{"taxonomy":"post_tag","embeddable":true,"href":"https:\/\/diarioregionaldigital.com.br\/index.php?rest_route=%2Fwp%2Fv2%2Ftags&post=95103"}],"curies":[{"name":"wp","href":"https:\/\/api.w.org\/{rel}","templated":true}]}}