{"id":95101,"date":"2018-04-03T22:58:58","date_gmt":"2018-04-04T01:58:58","guid":{"rendered":"http:\/\/diarioregionaljf.com.br\/2018\/04\/03\/justica-inocenta-cunhado-de-ana-hickmann-por-morte-de-fa-em-hotel\/"},"modified":"2018-04-03T22:58:58","modified_gmt":"2018-04-04T01:58:58","slug":"justica-inocenta-cunhado-de-ana-hickmann-por-morte-de-fa-em-hotel","status":"publish","type":"post","link":"https:\/\/diarioregionaldigital.com.br\/?p=95101","title":{"rendered":"Justi\u00e7a inocenta cunhado de Ana Hickmann por morte de f\u00e3 em hotel"},"content":{"rendered":"<p>O Tribunal de Justi\u00e7a de Minas Gerais decidiu inocentar, nesta ter\u00e7a-feira, 3, Gustavo Correa, cunhado da apresentadora Ana Hickmann, acusado de matar Rodrigo Augusto de P\u00e1dua (natural de Juiz de Fora), em maio de 2016. A decis\u00e3o foi da ju\u00edza do 2\u00ba Tribunal do J\u00fari de Belo Horizonte, \u00c2malin Aziz Sant&#8217;Ana. A magistrada declarou leg\u00edtima defesa do r\u00e9u.<\/p>\n<p>O crime foi cometido no dia 21 dentro de um hotel no bairro Belvedere. Ana Hickmann sofreu um atentado por um &#8220;admirador&#8221; em Belo Horizonte. Na ocasi\u00e3o, o f\u00e3 atirou contra a esposa de Gustavo, Giovana Oliveira, e, segundos depois, ele matou Rodrigo.<\/p>\n<p>Na \u00e9poca, o Minist\u00e9rio P\u00fablico denunciou o cunhado de Ana por homic\u00eddio doloso, quando h\u00e1 inten\u00e7\u00e3o de matar. O promotor Francisco Santiago chegou a essa conclus\u00e3o porque foram disparados tr\u00eas tiros na nuca de P\u00e1dua, o que comprovaria excesso de leg\u00edtima defesa.<\/p>\n<h4>Confira a decis\u00e3o da ju\u00edza:<\/h4>\n<p>\u201cSe o acusado Gustavo efetuou um ou tr\u00eas tiros, tal quest\u00e3o \u00e9 resolvida com o conhecimento pac\u00edfico e indiscut\u00edvel de que a leg\u00edtima defesa n\u00e3o se mede objetivamente, pois, a pessoa que luta por sua vida, desfere tantos tiros quanto sua emo\u00e7\u00e3o no momento, ou mesmo seu instinto de preserva\u00e7\u00e3o, demonstram ser necess\u00e1rios. Nenhum de n\u00f3s, em momento de contenda f\u00edsica incessante, como comprovado, consegue ter discernimento se se est\u00e1 efetuando os disparos estritamente necess\u00e1rios para resguardar sua vida, ou n\u00e3o\u201d, disse a ju\u00edza.<\/p>\n<p>As partes ainda podem recorrer da decis\u00e3o.<\/p>\n<hr \/>\n<p>&nbsp;Fonte: Da reda\u00e7\u00e3o<\/p>\n","protected":false},"excerpt":{"rendered":"<p>O Tribunal de Justi\u00e7a de Minas Gerais decidiu inocentar, nesta ter\u00e7a-feira, 3, Gustavo Correa, cunhado da apresentadora Ana Hickmann, acusado de matar Rodrigo Augusto de P\u00e1dua (natural de Juiz de Fora), em maio de 2016. A decis\u00e3o foi da ju\u00edza do 2\u00ba Tribunal do J\u00fari de Belo Horizonte, \u00c2malin Aziz Sant&#8217;Ana. A magistrada declarou leg\u00edtima [&hellip;]<\/p>\n","protected":false},"author":96,"featured_media":95100,"comment_status":"closed","ping_status":"closed","sticky":false,"template":"","format":"standard","meta":{"footnotes":""},"categories":[253],"tags":[],"class_list":["post-95101","post","type-post","status-publish","format-standard","has-post-thumbnail","hentry","category-cidade"],"_links":{"self":[{"href":"https:\/\/diarioregionaldigital.com.br\/index.php?rest_route=\/wp\/v2\/posts\/95101","targetHints":{"allow":["GET"]}}],"collection":[{"href":"https:\/\/diarioregionaldigital.com.br\/index.php?rest_route=\/wp\/v2\/posts"}],"about":[{"href":"https:\/\/diarioregionaldigital.com.br\/index.php?rest_route=\/wp\/v2\/types\/post"}],"author":[{"embeddable":true,"href":"https:\/\/diarioregionaldigital.com.br\/index.php?rest_route=\/wp\/v2\/users\/96"}],"replies":[{"embeddable":true,"href":"https:\/\/diarioregionaldigital.com.br\/index.php?rest_route=%2Fwp%2Fv2%2Fcomments&post=95101"}],"version-history":[{"count":0,"href":"https:\/\/diarioregionaldigital.com.br\/index.php?rest_route=\/wp\/v2\/posts\/95101\/revisions"}],"wp:featuredmedia":[{"embeddable":true,"href":"https:\/\/diarioregionaldigital.com.br\/index.php?rest_route=\/wp\/v2\/media\/95100"}],"wp:attachment":[{"href":"https:\/\/diarioregionaldigital.com.br\/index.php?rest_route=%2Fwp%2Fv2%2Fmedia&parent=95101"}],"wp:term":[{"taxonomy":"category","embeddable":true,"href":"https:\/\/diarioregionaldigital.com.br\/index.php?rest_route=%2Fwp%2Fv2%2Fcategories&post=95101"},{"taxonomy":"post_tag","embeddable":true,"href":"https:\/\/diarioregionaldigital.com.br\/index.php?rest_route=%2Fwp%2Fv2%2Ftags&post=95101"}],"curies":[{"name":"wp","href":"https:\/\/api.w.org\/{rel}","templated":true}]}}