{"id":95099,"date":"2018-04-03T22:30:47","date_gmt":"2018-04-04T01:30:47","guid":{"rendered":"http:\/\/diarioregionaljf.com.br\/2018\/04\/03\/unimed-edital-de-convocacao-ago-04-04-18\/"},"modified":"2018-08-13T20:32:18","modified_gmt":"2018-08-13T23:32:18","slug":"unimed-edital-de-convocacao-ago-04-04-18","status":"publish","type":"post","link":"https:\/\/diarioregionaldigital.com.br\/?p=95099","title":{"rendered":"UNIMED &#8211; Edital de Convoca\u00e7\u00e3o AGO 04\/04\/18"},"content":{"rendered":"<p class=\"h3 h4\" style=\"text-align: center;\">UNIMED INTRAFEDERATIVA FEDERA\u00c7\u00c3O REGIONAL DAS UNIMEDS DA ZONA DA MATA MINEIRA<br \/>CGC: 01.722.338\/0001-10<br \/>ASSEMBL\u00c9IA GERAL ORDIN\u00c1RIA<\/p>\n<p style=\"text-align: center;\"><span class=\"h5\">EDITAL DE CONVOCA\u00c7\u00c3O<\/span><br \/>O Presidente da UNIMED INTRAFEDERATIVA FEDERA\u00c7\u00c3O REGIONAL DAS UNIMEDS DA ZONA DA MATA MINEIRA, Dr. Guilherme Lobo da Silveira, no uso das atribui\u00e7\u00f5es que lhe confere o art. 22 do Estatuto Social, convoca os delegados por cooperativa filiada a se reunirem em Assembleia Geral Ordin\u00e1ria, a ser realizada no dia 20 de abril de 2018, em sua sede social, a rua Oscar Vidal, 307\/11\u00baandar, sala 1101 e 1102, centro, na cidade de Juiz de Fora \u2013 MG, em 1\u00ba (primeira) convoca\u00e7\u00e3o \u00e0s 15:00 horas, com a presen\u00e7a de 2\/3 (dois ter\u00e7os) dos delegados; e em 2\u00aa (segunda) convoca\u00e7\u00e3o \u00e0s 16:00 horas, com a presen\u00e7a de metade mais 1(um) dos delegados, para deliberarem sobre a seguinte:<\/p>\n<p style=\"text-align: center;\"><span class=\"h5\">ORDEM DO DIA<\/span><br \/>1 \u2013 Presta\u00e7\u00e3o de Contas do Exerc\u00edcio de 2017, compreendendo:<br \/>a) &#8211; Relat\u00f3rio da Diretoria Executiva;<br \/>b) &#8211; Balan\u00e7o do Exerc\u00edcio de 2017;<br \/>c) &#8211; Parecer do Conselho Fiscal;<br \/>2 \u2013 Destina\u00e7\u00e3o das Sobras\/Perdas do Exerc\u00edcio de 2017;<br \/>3 \u2013 Elei\u00e7\u00e3o dos Membros do Conselho Fiscal, mandato 2018\/2019;<br \/>4 \u2013 Elei\u00e7\u00e3o dos Membros da Diretoria Executiva, mandato 2018\/2019 (Conforme art. 44 do Estatuto Social);<br \/>5 \u2013 Fixa\u00e7\u00e3o C\u00e9dula de Presen\u00e7a e KM Rodado da Diretoria Executiva, Conselho de Administra\u00e7\u00e3o e Conselho Fiscal.<br \/>NOTA: Para os efeitos legais e estatut\u00e1rios, declara-se que o n\u00famero de associados, nesta data, \u00e9 de 12 (doze) cooperativas.<\/p>\n<p class=\"h5\" style=\"text-align: center;\">Juiz de Fora, 04 de abril de 2018.<\/p>\n<p class=\"h5\" style=\"text-align: center;\">Dr. Guilherme Lobo da Silveira<br \/>Diretor Presidente<\/p>\n","protected":false},"excerpt":{"rendered":"<p>UNIMED INTRAFEDERATIVA FEDERA\u00c7\u00c3O REGIONAL DAS UNIMEDS DA ZONA DA MATA MINEIRACGC: 01.722.338\/0001-10ASSEMBL\u00c9IA GERAL ORDIN\u00c1RIA EDITAL DE CONVOCA\u00c7\u00c3OO Presidente da UNIMED INTRAFEDERATIVA FEDERA\u00c7\u00c3O REGIONAL DAS UNIMEDS DA ZONA DA MATA MINEIRA, Dr. Guilherme Lobo da Silveira, no uso das atribui\u00e7\u00f5es que lhe confere o art. 22 do Estatuto Social, convoca os delegados por cooperativa filiada a [&hellip;]<\/p>\n","protected":false},"author":96,"featured_media":0,"comment_status":"closed","ping_status":"closed","sticky":false,"template":"","format":"standard","meta":{"footnotes":""},"categories":[307],"tags":[],"class_list":["post-95099","post","type-post","status-publish","format-standard","hentry","category-editais"],"_links":{"self":[{"href":"https:\/\/diarioregionaldigital.com.br\/index.php?rest_route=\/wp\/v2\/posts\/95099","targetHints":{"allow":["GET"]}}],"collection":[{"href":"https:\/\/diarioregionaldigital.com.br\/index.php?rest_route=\/wp\/v2\/posts"}],"about":[{"href":"https:\/\/diarioregionaldigital.com.br\/index.php?rest_route=\/wp\/v2\/types\/post"}],"author":[{"embeddable":true,"href":"https:\/\/diarioregionaldigital.com.br\/index.php?rest_route=\/wp\/v2\/users\/96"}],"replies":[{"embeddable":true,"href":"https:\/\/diarioregionaldigital.com.br\/index.php?rest_route=%2Fwp%2Fv2%2Fcomments&post=95099"}],"version-history":[{"count":0,"href":"https:\/\/diarioregionaldigital.com.br\/index.php?rest_route=\/wp\/v2\/posts\/95099\/revisions"}],"wp:attachment":[{"href":"https:\/\/diarioregionaldigital.com.br\/index.php?rest_route=%2Fwp%2Fv2%2Fmedia&parent=95099"}],"wp:term":[{"taxonomy":"category","embeddable":true,"href":"https:\/\/diarioregionaldigital.com.br\/index.php?rest_route=%2Fwp%2Fv2%2Fcategories&post=95099"},{"taxonomy":"post_tag","embeddable":true,"href":"https:\/\/diarioregionaldigital.com.br\/index.php?rest_route=%2Fwp%2Fv2%2Ftags&post=95099"}],"curies":[{"name":"wp","href":"https:\/\/api.w.org\/{rel}","templated":true}]}}