{"id":95093,"date":"2018-04-03T22:24:17","date_gmt":"2018-04-04T01:24:17","guid":{"rendered":"http:\/\/diarioregionaljf.com.br\/2018\/04\/03\/pref-coronel-aviso-pregao-04-04-18\/"},"modified":"2018-08-13T20:32:19","modified_gmt":"2018-08-13T23:32:19","slug":"pref-coronel-aviso-pregao-04-04-18","status":"publish","type":"post","link":"https:\/\/diarioregionaldigital.com.br\/?p=95093","title":{"rendered":"Pref. Coronel &#8211; Aviso Preg\u00e3o 04\/04\/18"},"content":{"rendered":"<p style=\"text-align: center;\"><span class=\"h4\">AVISO DE LICITA\u00c7\u00c3O<\/span><br \/><span class=\"h4\">Preg\u00e3o Presencial 011\/2018 para registro pre\u00e7os<\/span><br \/>O Munic\u00edpio de Coronel Pacheco, por interm\u00e9dio do Pregoeiro Municipal, torna p\u00fablica a realiza\u00e7\u00e3o de PREG\u00c3O PRESENCIAL no dia e hor\u00e1rio abaixo relacionados:<br \/>OBJETO: CONTRATA\u00c7\u00c3O DE SOCIEDADE EMPRES\u00c1RIA PARA FORNECIMENTO DE PNEUS PARA VE\u00cdCULOS AUTOMOTIVOS E EQUIPAMENTOS DA FROTA AUTOMOBIL\u00cdSTICA DO MUNIC\u00cdPIO DE CORONEL PACHECO\/MG.<br \/>ABERTURA DOS ENVELOPES: 16 de abril de 2018<br \/>HOR\u00c1RIO: 10:00h<br \/>Os interessados poder\u00e3o obter maiores informa\u00e7\u00f5es no setor de licita\u00e7\u00f5es da Prefeitura Municipal de Coronel Pacheco, com sede na Pra\u00e7a Carlos Chagas, n\u00ba 01, Centro, Tel: (32) 3258-1112.<\/p>\n<p class=\"h5\" style=\"text-align: center;\">Emerson Correa Gomes<br \/>Pregoeiro<\/p>\n","protected":false},"excerpt":{"rendered":"<p>AVISO DE LICITA\u00c7\u00c3OPreg\u00e3o Presencial 011\/2018 para registro pre\u00e7osO Munic\u00edpio de Coronel Pacheco, por interm\u00e9dio do Pregoeiro Municipal, torna p\u00fablica a realiza\u00e7\u00e3o de PREG\u00c3O PRESENCIAL no dia e hor\u00e1rio abaixo relacionados:OBJETO: CONTRATA\u00c7\u00c3O DE SOCIEDADE EMPRES\u00c1RIA PARA FORNECIMENTO DE PNEUS PARA VE\u00cdCULOS AUTOMOTIVOS E EQUIPAMENTOS DA FROTA AUTOMOBIL\u00cdSTICA DO MUNIC\u00cdPIO DE CORONEL PACHECO\/MG.ABERTURA DOS ENVELOPES: 16 de [&hellip;]<\/p>\n","protected":false},"author":96,"featured_media":0,"comment_status":"closed","ping_status":"closed","sticky":false,"template":"","format":"standard","meta":{"footnotes":""},"categories":[307],"tags":[],"class_list":["post-95093","post","type-post","status-publish","format-standard","hentry","category-editais"],"_links":{"self":[{"href":"https:\/\/diarioregionaldigital.com.br\/index.php?rest_route=\/wp\/v2\/posts\/95093","targetHints":{"allow":["GET"]}}],"collection":[{"href":"https:\/\/diarioregionaldigital.com.br\/index.php?rest_route=\/wp\/v2\/posts"}],"about":[{"href":"https:\/\/diarioregionaldigital.com.br\/index.php?rest_route=\/wp\/v2\/types\/post"}],"author":[{"embeddable":true,"href":"https:\/\/diarioregionaldigital.com.br\/index.php?rest_route=\/wp\/v2\/users\/96"}],"replies":[{"embeddable":true,"href":"https:\/\/diarioregionaldigital.com.br\/index.php?rest_route=%2Fwp%2Fv2%2Fcomments&post=95093"}],"version-history":[{"count":0,"href":"https:\/\/diarioregionaldigital.com.br\/index.php?rest_route=\/wp\/v2\/posts\/95093\/revisions"}],"wp:attachment":[{"href":"https:\/\/diarioregionaldigital.com.br\/index.php?rest_route=%2Fwp%2Fv2%2Fmedia&parent=95093"}],"wp:term":[{"taxonomy":"category","embeddable":true,"href":"https:\/\/diarioregionaldigital.com.br\/index.php?rest_route=%2Fwp%2Fv2%2Fcategories&post=95093"},{"taxonomy":"post_tag","embeddable":true,"href":"https:\/\/diarioregionaldigital.com.br\/index.php?rest_route=%2Fwp%2Fv2%2Ftags&post=95093"}],"curies":[{"name":"wp","href":"https:\/\/api.w.org\/{rel}","templated":true}]}}