{"id":95090,"date":"2018-04-03T22:11:53","date_gmt":"2018-04-04T01:11:53","guid":{"rendered":"http:\/\/diarioregionaljf.com.br\/2018\/04\/03\/governo-estadual-anuncia-calendario-de-pagamento-no-mes-de-abril\/"},"modified":"2018-04-03T22:11:53","modified_gmt":"2018-04-04T01:11:53","slug":"governo-estadual-anuncia-calendario-de-pagamento-no-mes-de-abril","status":"publish","type":"post","link":"https:\/\/diarioregionaldigital.com.br\/?p=95090","title":{"rendered":"Governo estadual anuncia calend\u00e1rio de pagamento no m\u00eas de abril"},"content":{"rendered":"<p>A Secretaria de Estado de Fazenda (SEF) informa as datas do m\u00eas de abril para o pagamento dos sal\u00e1rios do funcionalismo p\u00fablico do Executivo Estadual:<\/p>\n<p>&#8211; 1\u00aa parcela: 13\/4 (sexta-feira);<br \/>&#8211; 2\u00aa parcela: 26\/4 (quinta-feira);<br \/>&#8211; 3\u00aa parcela: 30\/4 (segunda-feira).<\/p>\n<p>Os crit\u00e9rios adotados s\u00e3o os seguintes:<\/p>\n<p>&#8211; servidores com sal\u00e1rio at\u00e9 R$3 mil l\u00edquidos recebem integralmente na primeira parcela;<br \/>&#8211; servidores com sal\u00e1rio at\u00e9 R$6 mil l\u00edquidos recebem uma parcela de R$3 mil e o restante na segunda parcela;<br \/>&#8211; servidores com sal\u00e1rio acima de R$6 mil l\u00edquidos recebem R$3 mil na primeira parcela, R$3 mil na segunda parcela e o restante na terceira parcela.<\/p>\n<p>A secretaria ressalta, ainda, que a quarta parcela do 13\u00ba sal\u00e1rio ser\u00e1 depositada em 19\/4 (quinta-feira).<\/p>\n<p>Fonte: Ag\u00eancia Minas<\/p>\n","protected":false},"excerpt":{"rendered":"<p>A Secretaria de Estado de Fazenda (SEF) informa as datas do m\u00eas de abril para o pagamento dos sal\u00e1rios do funcionalismo p\u00fablico do Executivo Estadual: &#8211; 1\u00aa parcela: 13\/4 (sexta-feira);&#8211; 2\u00aa parcela: 26\/4 (quinta-feira);&#8211; 3\u00aa parcela: 30\/4 (segunda-feira). Os crit\u00e9rios adotados s\u00e3o os seguintes: &#8211; servidores com sal\u00e1rio at\u00e9 R$3 mil l\u00edquidos recebem integralmente na [&hellip;]<\/p>\n","protected":false},"author":96,"featured_media":95089,"comment_status":"closed","ping_status":"closed","sticky":false,"template":"","format":"standard","meta":{"footnotes":""},"categories":[252],"tags":[],"class_list":["post-95090","post","type-post","status-publish","format-standard","has-post-thumbnail","hentry","category-regiao"],"_links":{"self":[{"href":"https:\/\/diarioregionaldigital.com.br\/index.php?rest_route=\/wp\/v2\/posts\/95090","targetHints":{"allow":["GET"]}}],"collection":[{"href":"https:\/\/diarioregionaldigital.com.br\/index.php?rest_route=\/wp\/v2\/posts"}],"about":[{"href":"https:\/\/diarioregionaldigital.com.br\/index.php?rest_route=\/wp\/v2\/types\/post"}],"author":[{"embeddable":true,"href":"https:\/\/diarioregionaldigital.com.br\/index.php?rest_route=\/wp\/v2\/users\/96"}],"replies":[{"embeddable":true,"href":"https:\/\/diarioregionaldigital.com.br\/index.php?rest_route=%2Fwp%2Fv2%2Fcomments&post=95090"}],"version-history":[{"count":0,"href":"https:\/\/diarioregionaldigital.com.br\/index.php?rest_route=\/wp\/v2\/posts\/95090\/revisions"}],"wp:featuredmedia":[{"embeddable":true,"href":"https:\/\/diarioregionaldigital.com.br\/index.php?rest_route=\/wp\/v2\/media\/95089"}],"wp:attachment":[{"href":"https:\/\/diarioregionaldigital.com.br\/index.php?rest_route=%2Fwp%2Fv2%2Fmedia&parent=95090"}],"wp:term":[{"taxonomy":"category","embeddable":true,"href":"https:\/\/diarioregionaldigital.com.br\/index.php?rest_route=%2Fwp%2Fv2%2Fcategories&post=95090"},{"taxonomy":"post_tag","embeddable":true,"href":"https:\/\/diarioregionaldigital.com.br\/index.php?rest_route=%2Fwp%2Fv2%2Ftags&post=95090"}],"curies":[{"name":"wp","href":"https:\/\/api.w.org\/{rel}","templated":true}]}}