{"id":95086,"date":"2018-04-03T20:30:04","date_gmt":"2018-04-03T23:30:04","guid":{"rendered":"http:\/\/diarioregionaljf.com.br\/2018\/04\/03\/parque-da-lajinha-recebe-plantio-de-13-mil-mudas-nativas-da-mata-atlantica\/"},"modified":"2018-04-03T20:30:04","modified_gmt":"2018-04-03T23:30:04","slug":"parque-da-lajinha-recebe-plantio-de-13-mil-mudas-nativas-da-mata-atlantica","status":"publish","type":"post","link":"https:\/\/diarioregionaldigital.com.br\/?p=95086","title":{"rendered":"Parque da Lajinha recebe plantio de 13 mil mudas nativas da Mata Atl\u00e2ntica"},"content":{"rendered":"<p>Aproximadamente 13 mil mudas de esp\u00e9cies nativas do bioma Mata Atl\u00e2ntica est\u00e3o sendo plantadas no Parque Natural Municipal da Lajinha. A a\u00e7\u00e3o \u00e9 realizada pela empresa MRS Log\u00edstica, por meio de compensa\u00e7\u00e3o ambiental, devido interven\u00e7\u00e3o em \u00e1rea de preserva\u00e7\u00e3o permanente. O plantio est\u00e1 sendo promovido em oito dos 30 hectares da zona de reflorestamento do parque. De acordo com o Conselho Estadual de Pol\u00edtica Ambiental (Copam), a compensa\u00e7\u00e3o \u00e9 mecanismo para contrabalan\u00e7ar impactos sofridos pelo meio ambiente, identificados no processo de licenciamento ambiental, no momento da implanta\u00e7\u00e3o de empreendimentos. Em Minas, a Delibera\u00e7\u00e3o Normativa do Copam n\u00ba 94 (12\/4\/2006) estabeleceu diretrizes e procedimentos para sua aplica\u00e7\u00e3o em empreendimentos considerados de significativo impacto.<\/p>\n<p>Entre as esp\u00e9cies est\u00e3o angico-branco, emba\u00faba, aroeira brava, ing\u00e1, ip\u00eas amarelo, rosa e tabaco, jenipapo, coqueiro jeriv\u00e1, paineira, palmito jussara, jacarand\u00e1s branco, mimoso e ferpudo, jatob\u00e1, pau brasil, pinda\u00edba e pinheiro do paran\u00e1, entre outras.<\/p>\n<h4>&nbsp;<\/h4>\n<h4>O PARQUE<\/h4>\n<p>O Parque da Lajinha possui aproximadamente 86 hectares, em sua maioria com vegeta\u00e7\u00e3o nativa, sendo 10% desta \u00e1rea de acesso ao p\u00fablico. O local conta com coreto, bonde, quiosque, viveiro de plantas, lago, cachoeira, trilhas e jardins, que comp\u00f5em a diversidade de atrativos naturais para lazer ativo e contemplativo.<\/p>\n<p>Fonte: Assessoria<\/p>\n","protected":false},"excerpt":{"rendered":"<p>Aproximadamente 13 mil mudas de esp\u00e9cies nativas do bioma Mata Atl\u00e2ntica est\u00e3o sendo plantadas no Parque Natural Municipal da Lajinha. A a\u00e7\u00e3o \u00e9 realizada pela empresa MRS Log\u00edstica, por meio de compensa\u00e7\u00e3o ambiental, devido interven\u00e7\u00e3o em \u00e1rea de preserva\u00e7\u00e3o permanente. O plantio est\u00e1 sendo promovido em oito dos 30 hectares da zona de reflorestamento do [&hellip;]<\/p>\n","protected":false},"author":96,"featured_media":95085,"comment_status":"closed","ping_status":"closed","sticky":false,"template":"","format":"standard","meta":{"footnotes":""},"categories":[253],"tags":[],"class_list":["post-95086","post","type-post","status-publish","format-standard","has-post-thumbnail","hentry","category-cidade"],"_links":{"self":[{"href":"https:\/\/diarioregionaldigital.com.br\/index.php?rest_route=\/wp\/v2\/posts\/95086","targetHints":{"allow":["GET"]}}],"collection":[{"href":"https:\/\/diarioregionaldigital.com.br\/index.php?rest_route=\/wp\/v2\/posts"}],"about":[{"href":"https:\/\/diarioregionaldigital.com.br\/index.php?rest_route=\/wp\/v2\/types\/post"}],"author":[{"embeddable":true,"href":"https:\/\/diarioregionaldigital.com.br\/index.php?rest_route=\/wp\/v2\/users\/96"}],"replies":[{"embeddable":true,"href":"https:\/\/diarioregionaldigital.com.br\/index.php?rest_route=%2Fwp%2Fv2%2Fcomments&post=95086"}],"version-history":[{"count":0,"href":"https:\/\/diarioregionaldigital.com.br\/index.php?rest_route=\/wp\/v2\/posts\/95086\/revisions"}],"wp:featuredmedia":[{"embeddable":true,"href":"https:\/\/diarioregionaldigital.com.br\/index.php?rest_route=\/wp\/v2\/media\/95085"}],"wp:attachment":[{"href":"https:\/\/diarioregionaldigital.com.br\/index.php?rest_route=%2Fwp%2Fv2%2Fmedia&parent=95086"}],"wp:term":[{"taxonomy":"category","embeddable":true,"href":"https:\/\/diarioregionaldigital.com.br\/index.php?rest_route=%2Fwp%2Fv2%2Fcategories&post=95086"},{"taxonomy":"post_tag","embeddable":true,"href":"https:\/\/diarioregionaldigital.com.br\/index.php?rest_route=%2Fwp%2Fv2%2Ftags&post=95086"}],"curies":[{"name":"wp","href":"https:\/\/api.w.org\/{rel}","templated":true}]}}