{"id":95084,"date":"2018-04-03T20:28:42","date_gmt":"2018-04-03T23:28:42","guid":{"rendered":"http:\/\/diarioregionaljf.com.br\/2018\/04\/03\/transformacao\/"},"modified":"2018-04-03T20:28:42","modified_gmt":"2018-04-03T23:28:42","slug":"transformacao","status":"publish","type":"post","link":"https:\/\/diarioregionaldigital.com.br\/?p=95084","title":{"rendered":"Transforma\u00e7\u00e3o"},"content":{"rendered":"<p style=\"text-align: center;\"><span class=\"h4\">Percal\u00e7os<\/span><br \/>O p\u00fablico jovem que foi ao evento Lollapalooza 2018 no Aut\u00f3dromo de Interlagos, em S\u00e3o Paulo, reclamou de problemas pontuais de som, a entrada para os shows foi ca\u00f3tica e sa\u00edda pior ainda e alguns shows tiveram problemas t\u00e9cnicos. Com ingressos esgotados em todos os dias, o salvamento foram as apresenta\u00e7\u00f5es de The Killers, Lana Del Rey e Liam Gollagher.<\/p>\n<p style=\"text-align: center;\"><span class=\"h4\">Economia<\/span><br \/>Com a corda no pesco\u00e7o, complicou a negocia\u00e7\u00e3o das d\u00edvidas da Queir\u00f3z Galv\u00e3o \u00d3leo e G\u00e1s com os bancos credores. Agora, s\u00f3 Jesus!<\/p>\n<p style=\"text-align: center;\"><span class=\"h4\">Livros<\/span><br \/>Em tempos dif\u00edceis, a Saraiva, maior rede de livrarias do Brasil, com mais de 100 lojas e forte presen\u00e7a tamb\u00e9m no e-commerce, est\u00e1 pedindo f\u00f4lego as editoras. H\u00e1 quinze dias avisou que vai parar de pag\u00e1-las por tr\u00eas meses. T\u00e1 feia a coisa!<\/p>\n<p style=\"text-align: center;\"><span class=\"h4\">Decis\u00e3o<\/span><br \/>O bom relacionamento do goleiro J\u00falio C\u00e9sar com o Flamengo, o elenco e a idolatria dos torcedores, aliados ao fato de que o goleiro n\u00e3o conseguir\u00e1 ter um jogo de despedida ideal at\u00e9 o fim de seu contrato de tr\u00eas meses com o clube, fazem a diretoria do Flamengo pensar em estender o v\u00ednculo do jogador at\u00e9 o meio do ano. Vai depender da conversa dele com a fam\u00edlia, pois se comprometeu a ficar s\u00f3 3 meses.<\/p>\n<p style=\"text-align: center;\"><span class=\"h4\">Voc\u00ea Sabia?<\/span><br \/>O assedio sexual pode ser levado \u00e0 Justi\u00e7a do Trabalho para obter indeniza\u00e7\u00e3o por dano moral pelo constrangimento e outras consequ\u00eancias. \u00c9 crime, previsto no C\u00f3digo Penal, quando praticado por algu\u00e9m com cargo superior ao da v\u00edtima.<\/p>\n<p style=\"text-align: center;\"><span class=\"h4\">Transforma\u00e7\u00e3o<\/span><br \/>Not\u00edcia chega do Rio de Janeiro informando que o p\u00fablico LGBT poder\u00e1, finalmente, emitir a carteira de identidade com o nome social. A mudan\u00e7a come\u00e7a hoje. Aplausos.<\/p>\n<p style=\"text-align: center;\"><img decoding=\"async\" class=\" size-full wp-image-95075\" src=\"http:\/\/diarioregionaljf.com.br\/wp-content\/uploads\/2018\/04\/diario-int-25649-1.jpg\" alt=\"fotoa.jpg\" width=\"680\" style=\"display: block; margin-left: auto; margin-right: auto;\" srcset=\"https:\/\/diarioregionaldigital.com.br\/wp-content\/uploads\/2018\/04\/diario-int-25649-1.jpg 680w, https:\/\/diarioregionaldigital.com.br\/wp-content\/uploads\/2018\/04\/diario-int-25649-1-300x199.jpg 300w, https:\/\/diarioregionaldigital.com.br\/wp-content\/uploads\/2018\/04\/diario-int-25649-1-360x238.jpg 360w\" sizes=\"(max-width: 680px) 100vw, 680px\" \/>Mulheres-rainha na noite musical do Card\u00e1pio Mineiro, no Espa\u00e7o Mascarenhas, Merc\u00eas Rodrigues, Mary Andrade, Celita Emiliano, Beth Urgal, Gaby Martins e Geani Cabral<\/p>\n<p style=\"text-align: center;\"><img decoding=\"async\" class=\" size-full wp-image-95076\" src=\"http:\/\/diarioregionaljf.com.br\/wp-content\/uploads\/2018\/04\/diario-int-25649-2.jpg\" alt=\"fotoaa.jpg\" width=\"680\" style=\"display: block; margin-left: auto; margin-right: auto;\" srcset=\"https:\/\/diarioregionaldigital.com.br\/wp-content\/uploads\/2018\/04\/diario-int-25649-2.jpg 680w, https:\/\/diarioregionaldigital.com.br\/wp-content\/uploads\/2018\/04\/diario-int-25649-2-300x243.jpg 300w, https:\/\/diarioregionaldigital.com.br\/wp-content\/uploads\/2018\/04\/diario-int-25649-2-360x291.jpg 360w\" sizes=\"(max-width: 680px) 100vw, 680px\" \/>O vereador Marlon Siqueira liderando a campanha de conscientiza\u00e7\u00e3o do Autismo no m\u00eas de abril<\/p>\n<p style=\"text-align: center;\"><img decoding=\"async\" class=\" size-full wp-image-95077\" src=\"http:\/\/diarioregionaljf.com.br\/wp-content\/uploads\/2018\/04\/diario-int-25649-3.jpg\" alt=\"fotob.jpg\" width=\"680\" style=\"display: block; margin-left: auto; margin-right: auto;\" srcset=\"https:\/\/diarioregionaldigital.com.br\/wp-content\/uploads\/2018\/04\/diario-int-25649-3.jpg 680w, https:\/\/diarioregionaldigital.com.br\/wp-content\/uploads\/2018\/04\/diario-int-25649-3-300x243.jpg 300w, https:\/\/diarioregionaldigital.com.br\/wp-content\/uploads\/2018\/04\/diario-int-25649-3-360x291.jpg 360w\" sizes=\"(max-width: 680px) 100vw, 680px\" \/>Evidenciando eleg\u00e2ncia na Esta\u00e7\u00e3o S\u00e3o Pedro, Maria Helena Reis com o filho Beto Souza<\/p>\n<p style=\"text-align: center;\"><img decoding=\"async\" class=\" size-full wp-image-95078\" src=\"http:\/\/diarioregionaljf.com.br\/wp-content\/uploads\/2018\/04\/diario-int-25649-4.jpg\" alt=\"fotobb.jpg\" width=\"680\" style=\"display: block; margin-left: auto; margin-right: auto;\" srcset=\"https:\/\/diarioregionaldigital.com.br\/wp-content\/uploads\/2018\/04\/diario-int-25649-4.jpg 680w, https:\/\/diarioregionaldigital.com.br\/wp-content\/uploads\/2018\/04\/diario-int-25649-4-300x199.jpg 300w, https:\/\/diarioregionaldigital.com.br\/wp-content\/uploads\/2018\/04\/diario-int-25649-4-360x238.jpg 360w\" sizes=\"(max-width: 680px) 100vw, 680px\" \/>A competente equipe da Banca Pioneira liderada por Giulio Caruso com Vitor Matos, Samuel Chaizbes, Antonio Gon\u00e7alves, Thiago Moura e Wellisson Magalh\u00e3es<\/p>\n<p style=\"text-align: center;\"><img decoding=\"async\" class=\" size-full wp-image-95079\" src=\"http:\/\/diarioregionaljf.com.br\/wp-content\/uploads\/2018\/04\/diario-int-25649-5.jpg\" alt=\"fotoc.jpg\" width=\"680\" style=\"display: block; margin-left: auto; margin-right: auto;\" srcset=\"https:\/\/diarioregionaldigital.com.br\/wp-content\/uploads\/2018\/04\/diario-int-25649-5.jpg 680w, https:\/\/diarioregionaldigital.com.br\/wp-content\/uploads\/2018\/04\/diario-int-25649-5-300x199.jpg 300w, https:\/\/diarioregionaldigital.com.br\/wp-content\/uploads\/2018\/04\/diario-int-25649-5-360x238.jpg 360w\" sizes=\"(max-width: 680px) 100vw, 680px\" \/>Na MultSa\u00fade Benef\u00edcios, os empreendedores do aqui e agora, Marcelle Oliveira e Caca Salermo<\/p>\n<p style=\"text-align: center;\"><img decoding=\"async\" class=\" size-full wp-image-95080\" src=\"http:\/\/diarioregionaljf.com.br\/wp-content\/uploads\/2018\/04\/diario-int-25649-6.jpg\" alt=\"fotof.jpg\" width=\"680\" style=\"display: block; margin-left: auto; margin-right: auto;\" srcset=\"https:\/\/diarioregionaldigital.com.br\/wp-content\/uploads\/2018\/04\/diario-int-25649-6.jpg 680w, https:\/\/diarioregionaldigital.com.br\/wp-content\/uploads\/2018\/04\/diario-int-25649-6-300x199.jpg 300w, https:\/\/diarioregionaldigital.com.br\/wp-content\/uploads\/2018\/04\/diario-int-25649-6-360x238.jpg 360w\" sizes=\"(max-width: 680px) 100vw, 680px\" \/>O charme de Lu\u00eds Duque e Rodrigo Bissoli em fina recep\u00e7\u00e3o na Urca\/Rio<\/p>\n<p style=\"text-align: center;\"><img decoding=\"async\" class=\" size-full wp-image-95081\" src=\"http:\/\/diarioregionaljf.com.br\/wp-content\/uploads\/2018\/04\/diario-int-25649-7.jpg\" alt=\"fotog.jpg\" width=\"680\" style=\"display: block; margin-left: auto; margin-right: auto;\" srcset=\"https:\/\/diarioregionaldigital.com.br\/wp-content\/uploads\/2018\/04\/diario-int-25649-7.jpg 680w, https:\/\/diarioregionaldigital.com.br\/wp-content\/uploads\/2018\/04\/diario-int-25649-7-300x243.jpg 300w, https:\/\/diarioregionaldigital.com.br\/wp-content\/uploads\/2018\/04\/diario-int-25649-7-360x291.jpg 360w\" sizes=\"(max-width: 680px) 100vw, 680px\" \/>A arquiteta de astros e estrelas Fernanda Rubatino em recente evento social<\/p>\n<p style=\"text-align: center;\"><img decoding=\"async\" class=\" size-full wp-image-95082\" src=\"http:\/\/diarioregionaljf.com.br\/wp-content\/uploads\/2018\/04\/diario-int-25649-8.jpg\" alt=\"fotoi.jpg\" width=\"680\" style=\"display: block; margin-left: auto; margin-right: auto;\" srcset=\"https:\/\/diarioregionaldigital.com.br\/wp-content\/uploads\/2018\/04\/diario-int-25649-8.jpg 680w, https:\/\/diarioregionaldigital.com.br\/wp-content\/uploads\/2018\/04\/diario-int-25649-8-300x199.jpg 300w, https:\/\/diarioregionaldigital.com.br\/wp-content\/uploads\/2018\/04\/diario-int-25649-8-360x238.jpg 360w\" sizes=\"(max-width: 680px) 100vw, 680px\" \/>Em cena requinte total no Terrazzo, Patr\u00edcia Brito, Emerson Prata, Brenda e Maria Eduarda Brito de Lima<\/p>\n<p style=\"text-align: center;\"><img decoding=\"async\" class=\" size-full wp-image-95083\" src=\"http:\/\/diarioregionaljf.com.br\/wp-content\/uploads\/2018\/04\/diario-int-25649-9.jpg\" alt=\"fotoj.jpg\" width=\"680\" style=\"display: block; margin-left: auto; margin-right: auto;\" srcset=\"https:\/\/diarioregionaldigital.com.br\/wp-content\/uploads\/2018\/04\/diario-int-25649-9.jpg 680w, https:\/\/diarioregionaldigital.com.br\/wp-content\/uploads\/2018\/04\/diario-int-25649-9-266x300.jpg 266w, https:\/\/diarioregionaldigital.com.br\/wp-content\/uploads\/2018\/04\/diario-int-25649-9-360x407.jpg 360w\" sizes=\"(max-width: 680px) 100vw, 680px\" \/>A eterna musa desta coluna em momento capotante com Ra\u00edssa Ara\u00fajo<\/p>\n<p class=\"h4\" style=\"text-align: center;\">FOTOSS\u00cdNTESE<\/p>\n<p>Durante esta semana e todo o m\u00eas de abril e com apoio do vereador Marlon Siqueira a sociedade se volta para a conscientiza\u00e7\u00e3o sobre o Autismo.<\/p>\n<p>Talita Magnolo vai preparar seu delicioso risoto de frutos do mar e alho por\u00f3, hoje, na Casa de Esquina.<\/p>\n<p>Liderados por Marcel\u00e3o Panisset e Juliana Assis, um grupo de selecion\u00e1veis marcou presen\u00e7a na comemora\u00e7\u00e3o dos 20 anos do Cultural Bar. Anotamos por l\u00e1, Joana D\u2019Arc Pinto de Almeida, Marco Lufesiri e Erika Salazar, Markito Souza, Andreia Pereira e Marcelo Abr\u00e3o, Augusto Oliveira e Rosana Assis, Caca Salermo e Mariana Magalh\u00e3es, Bruno Coelho e Thais Marques.<\/p>\n<p>Din\u00e2mico e empreendedor, Giulio Caruso, que comanda a Banca Pioneira no Parque Halfed, comunica que assumiu a banca de jornais da Pra\u00e7a da Esta\u00e7\u00e3o. Ponto para ele.<\/p>\n<p>As esculturas de Yure Mendes causam impacto visual com homenagem a figuras importantes na hist\u00f3ria entre elas Eva P\u00e9ron, Frida Kahlo, Chiquinha Gonzaga e Chica da Silva. At\u00e9 10 de abril, pode ser conferida no Shopping Jardim Norte.<\/p>\n<p>O Museu Ferrovi\u00e1rio apresenta a exposi\u00e7\u00e3o Leopoldina de Concei\u00e7\u00e3o-Ferrovia, Maternidade e Direitos Trabalhistas. Trata-se de fotos, documentos sobre a trajet\u00f3ria de Concei\u00e7\u00e3o Silva de Castro, primeira mulher a trabalhar na esta\u00e7\u00e3o ferrovi\u00e1ria de Juiz de Fora.<\/p>\n<p>Para seus gorjeios sonoros, a dupla sensa\u00e7\u00e3o Renan &amp; Cristiano e o Grupo Alquimia fazem no Privil\u00e9ge o set para o # Nossa Quinta. A casa abre \u00e0s 23h, para toda 5\u00aa feira apresentar o melhor do sertanejo e do pagode 5 estrelas.<\/p>\n<p>Em estilo \u00fanico vai acontecer, de 17 a 19 de maio, o V Semin\u00e1rio Internacional de Educa\u00e7\u00e3o Contempor\u00e2nea (SIEC 2018). O tema Cidades educam, escolas humanizam traz para Juiz de Fora a carism\u00e1tica Viviane Mos\u00e9 que vai falar sobre A gest\u00e3o escolar e os desafios de uma educa\u00e7\u00e3o viva e humanizada.<\/p>\n<p>Resgatando a sa\u00fade e bem- estar, as din\u00e2micas Magna Menezes e Walesca Jolando Rodrigues desenvolvem um trabalho incr\u00edvel com Nutri\u00e7\u00e3o Qu\u00e2ntica.<\/p>\n<p>Dinamismo e empreendedorismo levaram as s\u00f3cias da La Boutique Decor, Josane Martins e Luciana Teperino, a participar da feira Expo Revestir 2018, em S\u00e3o Paulo.<\/p>\n<p>Para sintonizar: A noite \u00e9 uma maravilhosa oportunidade para descansar, perdoar, esquecer, sonhar e se preparar para as lutas do dia seguinte. Bom dia.<\/p>\n","protected":false},"excerpt":{"rendered":"<p>Percal\u00e7osO p\u00fablico jovem que foi ao evento Lollapalooza 2018 no Aut\u00f3dromo de Interlagos, em S\u00e3o Paulo, reclamou de problemas pontuais de som, a entrada para os shows foi ca\u00f3tica e sa\u00edda pior ainda e alguns shows tiveram problemas t\u00e9cnicos. Com ingressos esgotados em todos os dias, o salvamento foram as apresenta\u00e7\u00f5es de The Killers, Lana [&hellip;]<\/p>\n","protected":false},"author":96,"featured_media":95074,"comment_status":"closed","ping_status":"closed","sticky":false,"template":"","format":"standard","meta":{"footnotes":""},"categories":[264],"tags":[],"class_list":["post-95084","post","type-post","status-publish","format-standard","has-post-thumbnail","hentry","category-eduardo-gomes"],"_links":{"self":[{"href":"https:\/\/diarioregionaldigital.com.br\/index.php?rest_route=\/wp\/v2\/posts\/95084","targetHints":{"allow":["GET"]}}],"collection":[{"href":"https:\/\/diarioregionaldigital.com.br\/index.php?rest_route=\/wp\/v2\/posts"}],"about":[{"href":"https:\/\/diarioregionaldigital.com.br\/index.php?rest_route=\/wp\/v2\/types\/post"}],"author":[{"embeddable":true,"href":"https:\/\/diarioregionaldigital.com.br\/index.php?rest_route=\/wp\/v2\/users\/96"}],"replies":[{"embeddable":true,"href":"https:\/\/diarioregionaldigital.com.br\/index.php?rest_route=%2Fwp%2Fv2%2Fcomments&post=95084"}],"version-history":[{"count":0,"href":"https:\/\/diarioregionaldigital.com.br\/index.php?rest_route=\/wp\/v2\/posts\/95084\/revisions"}],"wp:featuredmedia":[{"embeddable":true,"href":"https:\/\/diarioregionaldigital.com.br\/index.php?rest_route=\/wp\/v2\/media\/95074"}],"wp:attachment":[{"href":"https:\/\/diarioregionaldigital.com.br\/index.php?rest_route=%2Fwp%2Fv2%2Fmedia&parent=95084"}],"wp:term":[{"taxonomy":"category","embeddable":true,"href":"https:\/\/diarioregionaldigital.com.br\/index.php?rest_route=%2Fwp%2Fv2%2Fcategories&post=95084"},{"taxonomy":"post_tag","embeddable":true,"href":"https:\/\/diarioregionaldigital.com.br\/index.php?rest_route=%2Fwp%2Fv2%2Ftags&post=95084"}],"curies":[{"name":"wp","href":"https:\/\/api.w.org\/{rel}","templated":true}]}}