{"id":95073,"date":"2018-04-03T20:23:08","date_gmt":"2018-04-03T23:23:08","guid":{"rendered":"http:\/\/diarioregionaljf.com.br\/2018\/04\/03\/jforienta-leva-informacoes-sobre-mercado-de-trabalho-para-pais-de-alunos-de-creche\/"},"modified":"2018-04-03T20:23:08","modified_gmt":"2018-04-03T23:23:08","slug":"jforienta-leva-informacoes-sobre-mercado-de-trabalho-para-pais-de-alunos-de-creche","status":"publish","type":"post","link":"https:\/\/diarioregionaldigital.com.br\/?p=95073","title":{"rendered":"\u201cJFOrienta\u201d leva informa\u00e7\u00f5es sobre mercado de trabalho para pais de alunos de creche"},"content":{"rendered":"<p>Durante a manh\u00e3 dessa ter\u00e7a-feira, 3, pais de alunos da Creche Municipal \u201cCl\u00e9lia Gerv\u00e1sio Scafuto\u201d, no bairro Vila Ideal, participaram do primeiro dos quatro encontros do projeto \u201cJF Orienta\u201d, que ser\u00e3o realizados ao longo deste m\u00eas, com foco no mercado de trabalho.<\/p>\n<p>A palestra foi ministrada pela chefe do Departamento de Trabalho, Emprego e Renda, da Secretaria de Desenvolvimento Econ\u00f4mico, Trabalho e Turismo (Sedettur), Leila Abrah\u00e3o. Segundo ela, \u201co projeto desperta as pessoas para a necessidade da qualidade na elabora\u00e7\u00e3o do curr\u00edculo, das atitudes na apresenta\u00e7\u00e3o ao mercado e, principalmente, na busca da defini\u00e7\u00e3o do seu objetivo de vida, para encontrar uma oportunidade\u201d.<\/p>\n<p>Fabiane Teixeira Sim\u00f5es, 22 anos, interessou-se em participar da palestra, pois \u00e9, segundo ela, oportunidade de adquirir conhecimento e ingressar no mercado de trabalho. \u201cQuero me especializar e conseguir emprego para que eu possa proporcionar qualidade de vida melhor para minha filha\u201d. Ela ressaltou, ainda, que o \u201cprojeto \u00e9 uma experi\u00eancia que vai acrescentar e ajudar na constru\u00e7\u00e3o de um futuro melhor\u201d.<\/p>\n<p>A coordenadora pedag\u00f3gica e administrativa da creche, Elaine da Costa Miscoli, relatou que a demanda surgiu dos pais, que sentem a necessidade de ingressar ou retornar ao mercado de trabalho. \u201cA creche n\u00e3o acolhe somente as crian\u00e7as. \u00c9 importante que as fam\u00edlias estejam bem estruturadas, para que possam se desenvolver num lar com amor e oportunidades\u201d.<\/p>\n<h4>&nbsp;<\/h4>\n<h4>SOBRE O \u201cJFORIENTA\u201d<\/h4>\n<p>Desenvolve, desde outubro de 2013, diversas palestras em institui\u00e7\u00f5es de ensino e sociais, empresas e grupos comunit\u00e1rios, sobre mercado de trabalho em Juiz de Fora, e orienta\u00e7\u00f5es sobre curr\u00edculo e entrevista. O objetivo \u00e9 orientar os profissionais, melhorando a empregabilidade e a inclus\u00e3o socioprodutiva.<\/p>\n<p>Fonte: Assessoria<\/p>\n","protected":false},"excerpt":{"rendered":"<p>Durante a manh\u00e3 dessa ter\u00e7a-feira, 3, pais de alunos da Creche Municipal \u201cCl\u00e9lia Gerv\u00e1sio Scafuto\u201d, no bairro Vila Ideal, participaram do primeiro dos quatro encontros do projeto \u201cJF Orienta\u201d, que ser\u00e3o realizados ao longo deste m\u00eas, com foco no mercado de trabalho. A palestra foi ministrada pela chefe do Departamento de Trabalho, Emprego e Renda, [&hellip;]<\/p>\n","protected":false},"author":96,"featured_media":95072,"comment_status":"closed","ping_status":"closed","sticky":false,"template":"","format":"standard","meta":{"footnotes":""},"categories":[253],"tags":[],"class_list":["post-95073","post","type-post","status-publish","format-standard","has-post-thumbnail","hentry","category-cidade"],"_links":{"self":[{"href":"https:\/\/diarioregionaldigital.com.br\/index.php?rest_route=\/wp\/v2\/posts\/95073","targetHints":{"allow":["GET"]}}],"collection":[{"href":"https:\/\/diarioregionaldigital.com.br\/index.php?rest_route=\/wp\/v2\/posts"}],"about":[{"href":"https:\/\/diarioregionaldigital.com.br\/index.php?rest_route=\/wp\/v2\/types\/post"}],"author":[{"embeddable":true,"href":"https:\/\/diarioregionaldigital.com.br\/index.php?rest_route=\/wp\/v2\/users\/96"}],"replies":[{"embeddable":true,"href":"https:\/\/diarioregionaldigital.com.br\/index.php?rest_route=%2Fwp%2Fv2%2Fcomments&post=95073"}],"version-history":[{"count":0,"href":"https:\/\/diarioregionaldigital.com.br\/index.php?rest_route=\/wp\/v2\/posts\/95073\/revisions"}],"wp:featuredmedia":[{"embeddable":true,"href":"https:\/\/diarioregionaldigital.com.br\/index.php?rest_route=\/wp\/v2\/media\/95072"}],"wp:attachment":[{"href":"https:\/\/diarioregionaldigital.com.br\/index.php?rest_route=%2Fwp%2Fv2%2Fmedia&parent=95073"}],"wp:term":[{"taxonomy":"category","embeddable":true,"href":"https:\/\/diarioregionaldigital.com.br\/index.php?rest_route=%2Fwp%2Fv2%2Fcategories&post=95073"},{"taxonomy":"post_tag","embeddable":true,"href":"https:\/\/diarioregionaldigital.com.br\/index.php?rest_route=%2Fwp%2Fv2%2Ftags&post=95073"}],"curies":[{"name":"wp","href":"https:\/\/api.w.org\/{rel}","templated":true}]}}