{"id":95071,"date":"2018-04-03T20:17:16","date_gmt":"2018-04-03T23:17:16","guid":{"rendered":"http:\/\/diarioregionaljf.com.br\/2018\/04\/03\/funalfa-cadastra-propostas-para-a-programacao-do-corredor-cultural-2018\/"},"modified":"2018-04-03T20:17:16","modified_gmt":"2018-04-03T23:17:16","slug":"funalfa-cadastra-propostas-para-a-programacao-do-corredor-cultural-2018","status":"publish","type":"post","link":"https:\/\/diarioregionaldigital.com.br\/?p=95071","title":{"rendered":"Funalfa cadastra propostas para a programa\u00e7\u00e3o do Corredor Cultural 2018"},"content":{"rendered":"<p>A Prefeitura de Juiz de Fora, atrav\u00e9s da Funda\u00e7\u00e3o Cultural Alfredo Ferreira Lage (Funalfa), abre, na sexta-feira, 6, o per\u00edodo de cadastramento de propostas para a programa\u00e7\u00e3o oficial do Corredor Cultural 2018. Podem participar artistas e produtores de todos os segmentos da cultura, como: m\u00fasica, dan\u00e7a, circo, teatro, cinema, fotografia, artes pl\u00e1sticas, gastronomia, cultura popular, moda e games, entre outras.<\/p>\n<p>Os interessados podem se inscrever gratuitamente at\u00e9 30 de abril. O edital j\u00e1 pode ser conferido <a href=\"https:\/\/www.pjf.mg.gov.br\/e_atos\/e_atos_vis.php?id=60299\">no site<\/a> e o formul\u00e1rio de cadastro ainda ser\u00e1 disponibilizado. O recurso financeiro referente a este regulamento poder\u00e1 ser utilizado para feiras, oficinas, mostras, shows e demais eventos de car\u00e1ter art\u00edstico.<\/p>\n<p>Criado para celebrar o anivers\u00e1rio da cidade, o Corredor Cultural j\u00e1 ofereceu ao p\u00fablico mais de 800 atra\u00e7\u00f5es ao longo de oito edi\u00e7\u00f5es. Em 2018, o evento est\u00e1 previsto para os dias 25, 26 e 27 de maio.<\/p>\n<p>O proponente dever\u00e1 fornecer informa\u00e7\u00f5es, como nome do evento ou a\u00e7\u00e3o proposta; nome e contatos do respons\u00e1vel; experi\u00eancia na \u00e1rea de inscri\u00e7\u00e3o; resumo e dura\u00e7\u00e3o do evento; sugest\u00e3o de data, hor\u00e1rio e local para a realiza\u00e7\u00e3o da proposta, que pode ser espa\u00e7o p\u00fablico ou particular, incluindo equipamentos de responsabilidade da Funalfa, como Museu Ferrovi\u00e1rio, Centro Cultural Dnar Rocha, CEU Zona Norte, Teatro Paschoal Carlos Magno e outros.<\/p>\n<p>Tamb\u00e9m \u00e9 necess\u00e1rio apontar o valor necess\u00e1rio para total execu\u00e7\u00e3o da proposta (incluindo gastos operacionais, aluguel de som, cach\u00eas, seguran\u00e7a, pagamento de direitos autorais (Ecad), liga\u00e7\u00e3o de ponto de energia (Cemig), taxa de limpeza (Demlurb), tarifas e impostos incididos, dentre outros).<\/p>\n<p>As propostas ser\u00e3o analisadas pela Comiss\u00e3o Avaliadora e selecionadas de acordo com os seguintes crit\u00e9rios: clareza e sufici\u00eancia de informa\u00e7\u00f5es, exequibilidade, qualidade art\u00edstica\/conceitual e relev\u00e2ncia para a cultura da cidade. Tamb\u00e9m ser\u00e3o levados em considera\u00e7\u00e3o conceitos como: acessibilidade, descentraliza\u00e7\u00e3o, inova\u00e7\u00e3o, converg\u00eancia de linguagens e popularidade da proposta. O resultado da sele\u00e7\u00e3o ser\u00e1 divulgado at\u00e9 17 de maio.<\/p>\n<p>Fonte: Assessoria<\/p>\n","protected":false},"excerpt":{"rendered":"<p>A Prefeitura de Juiz de Fora, atrav\u00e9s da Funda\u00e7\u00e3o Cultural Alfredo Ferreira Lage (Funalfa), abre, na sexta-feira, 6, o per\u00edodo de cadastramento de propostas para a programa\u00e7\u00e3o oficial do Corredor Cultural 2018. Podem participar artistas e produtores de todos os segmentos da cultura, como: m\u00fasica, dan\u00e7a, circo, teatro, cinema, fotografia, artes pl\u00e1sticas, gastronomia, cultura popular, [&hellip;]<\/p>\n","protected":false},"author":96,"featured_media":95070,"comment_status":"closed","ping_status":"closed","sticky":false,"template":"","format":"standard","meta":{"footnotes":""},"categories":[256],"tags":[],"class_list":["post-95071","post","type-post","status-publish","format-standard","has-post-thumbnail","hentry","category-cultura"],"_links":{"self":[{"href":"https:\/\/diarioregionaldigital.com.br\/index.php?rest_route=\/wp\/v2\/posts\/95071","targetHints":{"allow":["GET"]}}],"collection":[{"href":"https:\/\/diarioregionaldigital.com.br\/index.php?rest_route=\/wp\/v2\/posts"}],"about":[{"href":"https:\/\/diarioregionaldigital.com.br\/index.php?rest_route=\/wp\/v2\/types\/post"}],"author":[{"embeddable":true,"href":"https:\/\/diarioregionaldigital.com.br\/index.php?rest_route=\/wp\/v2\/users\/96"}],"replies":[{"embeddable":true,"href":"https:\/\/diarioregionaldigital.com.br\/index.php?rest_route=%2Fwp%2Fv2%2Fcomments&post=95071"}],"version-history":[{"count":0,"href":"https:\/\/diarioregionaldigital.com.br\/index.php?rest_route=\/wp\/v2\/posts\/95071\/revisions"}],"wp:featuredmedia":[{"embeddable":true,"href":"https:\/\/diarioregionaldigital.com.br\/index.php?rest_route=\/wp\/v2\/media\/95070"}],"wp:attachment":[{"href":"https:\/\/diarioregionaldigital.com.br\/index.php?rest_route=%2Fwp%2Fv2%2Fmedia&parent=95071"}],"wp:term":[{"taxonomy":"category","embeddable":true,"href":"https:\/\/diarioregionaldigital.com.br\/index.php?rest_route=%2Fwp%2Fv2%2Fcategories&post=95071"},{"taxonomy":"post_tag","embeddable":true,"href":"https:\/\/diarioregionaldigital.com.br\/index.php?rest_route=%2Fwp%2Fv2%2Ftags&post=95071"}],"curies":[{"name":"wp","href":"https:\/\/api.w.org\/{rel}","templated":true}]}}