{"id":95069,"date":"2018-04-03T19:12:53","date_gmt":"2018-04-03T22:12:53","guid":{"rendered":"http:\/\/diarioregionaljf.com.br\/2018\/04\/03\/meirelles-filia-se-ao-mdb-e-diz-que-candidatura-ainda-esta-sendo-discutida\/"},"modified":"2018-04-03T19:12:53","modified_gmt":"2018-04-03T22:12:53","slug":"meirelles-filia-se-ao-mdb-e-diz-que-candidatura-ainda-esta-sendo-discutida","status":"publish","type":"post","link":"https:\/\/diarioregionaldigital.com.br\/?p=95069","title":{"rendered":"Meirelles filia-se ao MDB e diz que candidatura ainda est\u00e1 sendo discutida"},"content":{"rendered":"<p>O ministro da Fazenda, Henrique Meirelles, que se filiou nessa ter\u00e7a-feira, 3, ao MDB, informou que dever\u00e1 permanecer no cargo at\u00e9 sexta-feira, 6, e que o nome de seu sucessor ser\u00e1 definido nos pr\u00f3ximos dois dias. Sobre a possibilidade de se candidatar \u00e0 Presid\u00eancia da Rep\u00fablica nas elei\u00e7\u00f5es deste ano, Meirelles disse que isso ainda est\u00e1 sendo discutido.<\/p>\n<p>\u201cTenho o projeto de candidatura \u00e0 Presid\u00eancia e, entrando no partido, vamos discutir os pr\u00f3ximos passos e qual a melhor composi\u00e7\u00e3o partid\u00e1ria, de forma a evitar que o Brasil tenha pol\u00edticas populistas, oportunistas, que levaram o pa\u00eds \u00e0 pior recess\u00e3o da hist\u00f3ria\u201d, afirmou.<\/p>\n<p>A cerim\u00f4nia de filia\u00e7\u00e3o ocorreu na sede do partido, em Bras\u00edlia e contou com a presen\u00e7a do presidente Michel Temer e do ministro da Secretaria-Geral da Presid\u00eancia, Moreira Franco.<\/p>\n<p>No discurso de filia\u00e7\u00e3o, Meirelles ressaltou a import\u00e2ncia de programas sociais como o Bolsa Fam\u00edlia e o Bolsa Escola, enfatizando que hoje o governo &#8220;inova na gest\u00e3o&#8221; de tais iniciativas. Meirelles tamb\u00e9m disse que a crise econ\u00f4mica brasileira \u00e9 fruto, n\u00e3o de quest\u00f5es externas, mas de &#8220;erros econ\u00f4micos praticados no Brasil&#8221;.<\/p>\n<p>&#8220;\u00c9 com essa agenda que o MDB e eu temos um compromisso: emprego, renda e oportunidade. S\u00f3 teremos um pa\u00eds justo quando o filho de um oper\u00e1rio tiver as mesmas oportunidades que o filho de um m\u00e9dico \u2013 isso n\u00e3o \u00e9 uma bandeira da esquerda ou da direita. Igualdade de oportunidades \u00e9 uma luta da civiliza\u00e7\u00e3o&#8221;, afirmou Meirelles.<\/p>\n<p>Meirelles destacou ainda a import\u00e2ncia da economia para o crescimento brasileiro: &#8220;Voltamos ao caminho do crescimento. Quem diria, parecia imposs\u00edvel. Esse legado n\u00e3o pode ser perdido, nem esquecido: \u00e9 preciso perseverar, \u00e9 preciso ter coragem e insistir nas medidas e decis\u00f5es certas.&#8221;<\/p>\n<p>Em discurso, o presidente Temer destacou o papel de Meirelles no governo. Ele disse que, quando convidou Meirelles para ocupar o cargo de ministro da Fazenda, buscava algu\u00e9m que pudesse fazer com que a economia recebesse aplausos. Segundo Temer, atualmente Meirelles \u201cest\u00e1 habilitado a ocupar qualquer cargo no pa\u00eds\u201d.<\/p>\n<p>\u201cDa mesma maneira que vencemos juros, infla\u00e7\u00e3o alta, n\u00e3o podemos deixar o pa\u00eds desviar-se dessa rota. Temos certeza de que vamos prosseguir\u201d, acrescentou o presidente.<\/p>\n<p>&nbsp;<\/p>\n<h4>CERIM\u00d4NIA<\/h4>\n<p>Al\u00e9m de Meirelles, filiaram-se ao MDB os deputados Beto Mansur (SP), que era do PRB, e Maria Helena Veronese (RR), que estava no PSB.<\/p>\n<p>Na entrada da cerim\u00f4nia, um cartaz mostra Temer e Meirelles juntos, \u00e0 frente da bandeira brasileira, com os dizeres &#8220;Nossa uni\u00e3o nos fortalece&#8221;. A dupla j\u00e1 tem inclusive jingle, que foi tocado na \u00e1rea em que a imprensa aguardava o pronunciamento: &#8220;M de Michel, M de Meirelles, M de MDB&#8221;, diz a letra.<\/p>\n<p>&nbsp;<\/p>\n<h4>TRAJET\u00d3RIA<\/h4>\n<p>Natural de An\u00e1polis (GO), Henrique Meirelles foi eleito deputado federal pelo PSDB em 2002. Com 183 mil votos, foi o deputado mais votado em Goi\u00e1s, mas n\u00e3o chegou a assumir o mandato porque aceitou a presid\u00eancia do Banco Central, que comandou de 2003 a 2010. Na \u00e9poca, Meirelles deixou o PSDB, partido de oposi\u00e7\u00e3o ao governo do ent\u00e3o presidente Lula.<\/p>\n<p>Meirelles cogitou tamb\u00e9m concorrer ao governo de Goi\u00e1s, pelo ent\u00e3o PMBD, em 2010, mas desistiu para se dedicar ao comando do Banco Central. Em 2011, filiou-se ao PSD e houve rumores de que seria candidato \u00e0 prefeitura de S\u00e3o Paulo, mas isso n\u00e3o se confirmou.<\/p>\n<p>Naquele ano, o ministro da Fazenda surgia como uma das principais apostas do partido para a disputa eleitoral. Em v\u00eddeo de propaganda lan\u00e7ado no fim do ano passado pelo PSD, Meirelles ocupou cerca de nove dos 10 minutos totais da pe\u00e7a. Ao assumir o BC em 2003, Meirelles, que j\u00e1 tinha feito carreira em institui\u00e7\u00f5es financeiras internacionais, conseguiu atrair credibilidade para o governo junto ao mercado financeiro. Antes de exercer a Presid\u00eancia do Banco Central, foi presidente do Global Banking, do FleetBoston Financial e presidente mundial do BankBoston.<\/p>\n<h4>&nbsp;<\/h4>\n<h4>NOTA DO PSD<\/h4>\n<p>Em nota, a Dire\u00e7\u00e3o Nacional do PSD, diz que &#8220;foi um privil\u00e9gio&#8221; ter Meirelles entre os quadros do partido e desejou sorte ao ministro. O PSD diz que &#8220;disponibilizou sua estrutura e sempre manteve com ele uma rela\u00e7\u00e3o franca e transparente, para que pudesse desenvolver seus projetos que, certamente, buscam o desenvolvimento do pa\u00eds.&#8221;<\/p>\n<p>Fonte: Ag\u00eancia Brasil<\/p>\n","protected":false},"excerpt":{"rendered":"<p>O ministro da Fazenda, Henrique Meirelles, que se filiou nessa ter\u00e7a-feira, 3, ao MDB, informou que dever\u00e1 permanecer no cargo at\u00e9 sexta-feira, 6, e que o nome de seu sucessor ser\u00e1 definido nos pr\u00f3ximos dois dias. Sobre a possibilidade de se candidatar \u00e0 Presid\u00eancia da Rep\u00fablica nas elei\u00e7\u00f5es deste ano, Meirelles disse que isso ainda [&hellip;]<\/p>\n","protected":false},"author":96,"featured_media":95068,"comment_status":"closed","ping_status":"closed","sticky":false,"template":"","format":"standard","meta":{"footnotes":""},"categories":[254],"tags":[],"class_list":["post-95069","post","type-post","status-publish","format-standard","has-post-thumbnail","hentry","category-politica"],"_links":{"self":[{"href":"https:\/\/diarioregionaldigital.com.br\/index.php?rest_route=\/wp\/v2\/posts\/95069","targetHints":{"allow":["GET"]}}],"collection":[{"href":"https:\/\/diarioregionaldigital.com.br\/index.php?rest_route=\/wp\/v2\/posts"}],"about":[{"href":"https:\/\/diarioregionaldigital.com.br\/index.php?rest_route=\/wp\/v2\/types\/post"}],"author":[{"embeddable":true,"href":"https:\/\/diarioregionaldigital.com.br\/index.php?rest_route=\/wp\/v2\/users\/96"}],"replies":[{"embeddable":true,"href":"https:\/\/diarioregionaldigital.com.br\/index.php?rest_route=%2Fwp%2Fv2%2Fcomments&post=95069"}],"version-history":[{"count":0,"href":"https:\/\/diarioregionaldigital.com.br\/index.php?rest_route=\/wp\/v2\/posts\/95069\/revisions"}],"wp:featuredmedia":[{"embeddable":true,"href":"https:\/\/diarioregionaldigital.com.br\/index.php?rest_route=\/wp\/v2\/media\/95068"}],"wp:attachment":[{"href":"https:\/\/diarioregionaldigital.com.br\/index.php?rest_route=%2Fwp%2Fv2%2Fmedia&parent=95069"}],"wp:term":[{"taxonomy":"category","embeddable":true,"href":"https:\/\/diarioregionaldigital.com.br\/index.php?rest_route=%2Fwp%2Fv2%2Fcategories&post=95069"},{"taxonomy":"post_tag","embeddable":true,"href":"https:\/\/diarioregionaldigital.com.br\/index.php?rest_route=%2Fwp%2Fv2%2Ftags&post=95069"}],"curies":[{"name":"wp","href":"https:\/\/api.w.org\/{rel}","templated":true}]}}