{"id":95067,"date":"2018-04-03T18:58:50","date_gmt":"2018-04-03T21:58:50","guid":{"rendered":"http:\/\/diarioregionaljf.com.br\/2018\/04\/03\/comissao-debate-escola-sem-partido-e-casos-de-perseguicao-a-professores\/"},"modified":"2018-04-03T18:58:50","modified_gmt":"2018-04-03T21:58:50","slug":"comissao-debate-escola-sem-partido-e-casos-de-perseguicao-a-professores","status":"publish","type":"post","link":"https:\/\/diarioregionaldigital.com.br\/?p=95067","title":{"rendered":"Comiss\u00e3o debate Escola sem Partido e casos de persegui\u00e7\u00e3o a professores"},"content":{"rendered":"<p>A comiss\u00e3o especial que analisa projeto de lei que inclui entre os princ\u00edpios do ensino o respeito \u00e0s convic\u00e7\u00f5es do aluno, de seus pais ou respons\u00e1veis, dando preced\u00eancia aos valores de ordem familiar sobre a educa\u00e7\u00e3o escolar nos aspectos relacionados \u00e0 educa\u00e7\u00e3o moral, sexual e religiosa (PL 7180\/14), realiza nessa quarta-feira, 4, audi\u00eancia p\u00fablica.<\/p>\n<p>A reuni\u00e3o vai debater o movimento Escola sem Partido e a persegui\u00e7\u00e3o que professores v\u00eam sofrendo em raz\u00e3o de convic\u00e7\u00f5es filos\u00f3ficas e ou ideol\u00f3gicas. O deputado Bacelar (Pode-BA), que pediu a reuni\u00e3o, cita em seu requerimento diversos casos de professores em escolas p\u00fablicas que v\u00eam sendo assediados por membros do Escola sem Partido.<\/p>\n<p>Foram convidados para a audi\u00eancia:<br \/>&#8211; C\u00e1tia Gisele, promotora de Justi\u00e7a em Bras\u00edlia;<br \/>&#8211; Janeth de Souza e Silva, professora do Instituto de Educa\u00e7\u00e3o Rangel Pestana, Nova Igua\u00e7u-RJ;<br \/>-Fernando Borja, vereador de Belo Horizonte; e<br \/>&#8211; Paula Marisa, professora de Educa\u00e7\u00e3o F\u00edsica em Canoas-RS.<\/p>\n<h4>HORA E LOCAL<\/h4>\n<p>A audi\u00eancia acontece \u00e0s 14 horas, no plen\u00e1rio 7.<\/p>\n<p>Fonte: Ag\u00eancia C\u00e2mara Not\u00edcias<\/p>\n","protected":false},"excerpt":{"rendered":"<p>A comiss\u00e3o especial que analisa projeto de lei que inclui entre os princ\u00edpios do ensino o respeito \u00e0s convic\u00e7\u00f5es do aluno, de seus pais ou respons\u00e1veis, dando preced\u00eancia aos valores de ordem familiar sobre a educa\u00e7\u00e3o escolar nos aspectos relacionados \u00e0 educa\u00e7\u00e3o moral, sexual e religiosa (PL 7180\/14), realiza nessa quarta-feira, 4, audi\u00eancia p\u00fablica. A [&hellip;]<\/p>\n","protected":false},"author":96,"featured_media":95066,"comment_status":"closed","ping_status":"closed","sticky":false,"template":"","format":"standard","meta":{"footnotes":""},"categories":[254],"tags":[],"class_list":["post-95067","post","type-post","status-publish","format-standard","has-post-thumbnail","hentry","category-politica"],"_links":{"self":[{"href":"https:\/\/diarioregionaldigital.com.br\/index.php?rest_route=\/wp\/v2\/posts\/95067","targetHints":{"allow":["GET"]}}],"collection":[{"href":"https:\/\/diarioregionaldigital.com.br\/index.php?rest_route=\/wp\/v2\/posts"}],"about":[{"href":"https:\/\/diarioregionaldigital.com.br\/index.php?rest_route=\/wp\/v2\/types\/post"}],"author":[{"embeddable":true,"href":"https:\/\/diarioregionaldigital.com.br\/index.php?rest_route=\/wp\/v2\/users\/96"}],"replies":[{"embeddable":true,"href":"https:\/\/diarioregionaldigital.com.br\/index.php?rest_route=%2Fwp%2Fv2%2Fcomments&post=95067"}],"version-history":[{"count":0,"href":"https:\/\/diarioregionaldigital.com.br\/index.php?rest_route=\/wp\/v2\/posts\/95067\/revisions"}],"wp:featuredmedia":[{"embeddable":true,"href":"https:\/\/diarioregionaldigital.com.br\/index.php?rest_route=\/wp\/v2\/media\/95066"}],"wp:attachment":[{"href":"https:\/\/diarioregionaldigital.com.br\/index.php?rest_route=%2Fwp%2Fv2%2Fmedia&parent=95067"}],"wp:term":[{"taxonomy":"category","embeddable":true,"href":"https:\/\/diarioregionaldigital.com.br\/index.php?rest_route=%2Fwp%2Fv2%2Fcategories&post=95067"},{"taxonomy":"post_tag","embeddable":true,"href":"https:\/\/diarioregionaldigital.com.br\/index.php?rest_route=%2Fwp%2Fv2%2Ftags&post=95067"}],"curies":[{"name":"wp","href":"https:\/\/api.w.org\/{rel}","templated":true}]}}