{"id":95065,"date":"2018-04-03T18:49:58","date_gmt":"2018-04-03T21:49:58","guid":{"rendered":"http:\/\/diarioregionaljf.com.br\/2018\/04\/03\/onu-anuncia-nova-orientacao-para-o-haiti-no-conselho-de-seguranca\/"},"modified":"2018-04-03T18:49:58","modified_gmt":"2018-04-03T21:49:58","slug":"onu-anuncia-nova-orientacao-para-o-haiti-no-conselho-de-seguranca","status":"publish","type":"post","link":"https:\/\/diarioregionaldigital.com.br\/?p=95065","title":{"rendered":"ONU anuncia nova orienta\u00e7\u00e3o para o Haiti no Conselho de Seguran\u00e7a"},"content":{"rendered":"<p>O subsecret\u00e1rio-geral do Departamento de Opera\u00e7\u00f5es de Paz das Na\u00e7\u00f5es Unidas, Jean-Pierre Lacroix, disse nessa ter\u00e7a-feira, 3, no Conselho de Seguran\u00e7a da ONU, esperar que a nova miss\u00e3o da organiza\u00e7\u00e3o no pa\u00eds, a Minujusth, \u201cseja a \u00faltima miss\u00e3o de paz enviada para o Haiti.\u201d A informa\u00e7\u00e3o \u00e9 da ONU News.<\/p>\n<p>Segundo ele, a ONU j\u00e1 prepara a mudan\u00e7a da miss\u00e3o de paz para uma miss\u00e3o de desenvolvimento. Nos pr\u00f3ximos meses, o seu escrit\u00f3rio vai fornecer mais dados sobre esta transi\u00e7\u00e3o. Lacroix visitou o Haiti nos dias 14 e 15 de mar\u00e7o e disse que a Minujusth \u201cest\u00e1 completamente operacional e a implementar o seu mandato de forma ativa.\u201d<\/p>\n<p>O subsecret\u00e1rio-geral disse acreditar que a miss\u00e3o de paz \u201cs\u00f3 pode ser eficiente se tiver uma boa rela\u00e7\u00e3o com o governo do Haiti e o seu povo, com base em solidariedade e respeito m\u00fatuos.\u201d Lacroix admitiu que a rela\u00e7\u00e3o entre a miss\u00e3o e o governo \u201cpodia ter sido melhor\u201d no in\u00edcio, mas disse estar \u201cmuito otimista com os esfor\u00e7os e vontade do presidente Mo\u00efse e do seu governo para criar um ambiente de mudan\u00e7a.\u201d<\/p>\n<p>Jean-Pierre Lacroix deu os exemplos da reforma do Estado, da manuten\u00e7\u00e3o de estabilidade pol\u00edtica e social, do combate \u00e0 corrup\u00e7\u00e3o e do estabelecimento de um conselho eleitoral permanente no Haiti. E afirmou que, \u201capesar destas oportunidades, \u00e9 preciso lembrar que permanecem riscos e desafios.\u201d<\/p>\n<h4>&nbsp;<\/h4>\n<h4>INCERTEZAS<\/h4>\n<p>Lacroix avisou que \u201ca fraqueza das institui\u00e7\u00f5es de justi\u00e7a continua a gerar m\u00faltiplos desafios e encorajar uma cultura de impunidade. \u201d<\/p>\n<p>Segundo ele, o Haiti \u201cpercorreu um longo caminho para atingir a atual estabilidade pol\u00edtica e de seguran\u00e7a, mas incertezas econ\u00f4micas podem resultar em exclus\u00e3o, especialmente dos jovens e mais vulner\u00e1veis, e minar este progresso.\u201d<\/p>\n<p>O subsecretario-geral explicou que elei\u00e7\u00f5es \u201cs\u00e3o uma fonte frequente de instabilidade\u201d no pa\u00eds e que h\u00e1 um novo pleito marcado para o final de 2019. Lacroix avisou que os resultados podem \u201clevar a uma situa\u00e7\u00e3o mais polarizada, criando um ambiente menos prop\u00edcio a mudan\u00e7as sist\u00eamicas.\u201d<\/p>\n<p>Esta foi a primeira vez que o Conselho de Seguran\u00e7a debateu a situa\u00e7\u00e3o no Haiti desde que a Minujusth foi lan\u00e7ada, em 16 de outubro do ano passado, em substitui\u00e7\u00e3o da Minustah.<\/p>\n<h4>&nbsp;<\/h4>\n<h4>BRASIL NO HAITI<\/h4>\n<p>No m\u00eas de outubro passado, no Rio de Janeiro, um evento comemorativo marcou o final dos trabalhos dos militares brasileiros na Miss\u00e3o das Na\u00e7\u00f5es Unidas para a Estabiliza\u00e7\u00e3o do Haiti (Minustah), ap\u00f3s 13 anos de atua\u00e7\u00e3o, que contou com a participa\u00e7\u00e3o de 37,5 mil homens e mulheres brasileiros.<\/p>\n<p>Fonte: Ag\u00eancia Brasil<\/p>\n","protected":false},"excerpt":{"rendered":"<p>O subsecret\u00e1rio-geral do Departamento de Opera\u00e7\u00f5es de Paz das Na\u00e7\u00f5es Unidas, Jean-Pierre Lacroix, disse nessa ter\u00e7a-feira, 3, no Conselho de Seguran\u00e7a da ONU, esperar que a nova miss\u00e3o da organiza\u00e7\u00e3o no pa\u00eds, a Minujusth, \u201cseja a \u00faltima miss\u00e3o de paz enviada para o Haiti.\u201d A informa\u00e7\u00e3o \u00e9 da ONU News. Segundo ele, a ONU j\u00e1 [&hellip;]<\/p>\n","protected":false},"author":96,"featured_media":95064,"comment_status":"closed","ping_status":"closed","sticky":false,"template":"","format":"standard","meta":{"footnotes":""},"categories":[302],"tags":[],"class_list":["post-95065","post","type-post","status-publish","format-standard","has-post-thumbnail","hentry","category-brasil-mundo"],"_links":{"self":[{"href":"https:\/\/diarioregionaldigital.com.br\/index.php?rest_route=\/wp\/v2\/posts\/95065","targetHints":{"allow":["GET"]}}],"collection":[{"href":"https:\/\/diarioregionaldigital.com.br\/index.php?rest_route=\/wp\/v2\/posts"}],"about":[{"href":"https:\/\/diarioregionaldigital.com.br\/index.php?rest_route=\/wp\/v2\/types\/post"}],"author":[{"embeddable":true,"href":"https:\/\/diarioregionaldigital.com.br\/index.php?rest_route=\/wp\/v2\/users\/96"}],"replies":[{"embeddable":true,"href":"https:\/\/diarioregionaldigital.com.br\/index.php?rest_route=%2Fwp%2Fv2%2Fcomments&post=95065"}],"version-history":[{"count":0,"href":"https:\/\/diarioregionaldigital.com.br\/index.php?rest_route=\/wp\/v2\/posts\/95065\/revisions"}],"wp:featuredmedia":[{"embeddable":true,"href":"https:\/\/diarioregionaldigital.com.br\/index.php?rest_route=\/wp\/v2\/media\/95064"}],"wp:attachment":[{"href":"https:\/\/diarioregionaldigital.com.br\/index.php?rest_route=%2Fwp%2Fv2%2Fmedia&parent=95065"}],"wp:term":[{"taxonomy":"category","embeddable":true,"href":"https:\/\/diarioregionaldigital.com.br\/index.php?rest_route=%2Fwp%2Fv2%2Fcategories&post=95065"},{"taxonomy":"post_tag","embeddable":true,"href":"https:\/\/diarioregionaldigital.com.br\/index.php?rest_route=%2Fwp%2Fv2%2Ftags&post=95065"}],"curies":[{"name":"wp","href":"https:\/\/api.w.org\/{rel}","templated":true}]}}